{"id":13133,"date":"2026-08-21T10:46:40","date_gmt":"2026-08-21T13:46:40","guid":{"rendered":"https:\/\/www.canelaenfoco.com.br\/canela\/?p=13133"},"modified":"2026-08-21T10:46:40","modified_gmt":"2026-08-21T13:46:40","slug":"atracoes-da-temporada-de-inverno-sao-destaque-no-final-de-semana","status":"publish","type":"post","link":"http:\/\/www.canelaenfoco.com.br\/canela\/2026\/08\/21\/atracoes-da-temporada-de-inverno-sao-destaque-no-final-de-semana\/","title":{"rendered":"ATRA\u00c7\u00d5ES DA TEMPORADA DE INVERNO S\u00c3O DESTAQUE NO FINAL DE SEMANA"},"content":{"rendered":"<div>\n<p>Chega ao \u00faltimo final de semana a programa\u00e7\u00e3o musical da Temporada de Inverno 2026 de Canela. Neste s\u00e1bado e domingo, dias 22 e 23 de agosto, o p\u00fablico ainda poder\u00e1 conferir cinco apresenta\u00e7\u00f5es na Pra\u00e7a Jo\u00e3o Corr\u00eaa. Os artistas s\u00e3o de variados estilos, como rock, sertanejo, pagode e cl\u00e1ssicos. Os shows s\u00e3o totalmente gratuitos e acontecem \u00e0s 14h, \u00e0s 15h e \u00e0s 16h30, abertos a moradores e visitantes.<\/p>\n<p>Organizada pela Prefeitura, por meio da Secretaria Municipal de Turismo e Cultura, a temporada deste ano foi pensada para que todos, incluindo fam\u00edlias com crian\u00e7as e idosos, possam aproveitar as apresenta\u00e7\u00f5es. Por isso, as exibi\u00e7\u00f5es acontecem durante o dia, ao ar livre, e em um espa\u00e7o vers\u00e1til como a Pra\u00e7a. Al\u00e9m disso, na grade de atra\u00e7\u00f5es, foram escolhidos artistas da regi\u00e3o, como forma de valorizar o trabalho de quem contribui com o cen\u00e1rio local rotineiramente.<\/p>\n<p>No s\u00e1bado, dia 22, a banda Big Hits\u00a0abre a programa\u00e7\u00e3o\u00a0\u00e0s 14h, com repert\u00f3rio de m\u00fasicas das d\u00e9cadas de 1960 at\u00e9 os anos 2000. Na sequ\u00eancia,\u00a0Madame Red &#8211; Diva Session se apresenta \u00e0s 15h, trazendo cl\u00e1ssicos executados por vozes femininas. E, \u00e0s 16h30, a dupla sertaneja Rui e Mateus canta sucessos e m\u00fasicas pr\u00f3prias.<\/p><\/div>\n<div>\nJ\u00e1 no domingo, dia 23, fechando as atra\u00e7\u00f5es da Temporada de Inverno, apresentam-se, \u00e0s 15h, Hally e banda, com seu pagode, e HS BB, \u00e0s 16h30, com mais m\u00fasica sertaneja.<\/p>\n<p>A Secretaria de Turismo refor\u00e7a que, em caso de chuva, a programa\u00e7\u00e3o ser\u00e1 transferida para a Rua Coberta de Canela, na antiga esta\u00e7\u00e3o f\u00e9rrea.<\/p>\n<p>A decora\u00e7\u00e3o iluminada e repleta de refer\u00eancias ao l\u00fadico, com ursos gigantes, folhas de pl\u00e1tanos e flocos de neve, que comp\u00f5em a temporada, permanece at\u00e9 o in\u00edcio de setembro. Neste per\u00edodo, o p\u00fablico que procura Canela durante os meses mais frios poder\u00e1 continuar aproveitando e se encantando com os cen\u00e1rios montados para o inverno canelense.<\/p><\/div>\n","protected":false},"excerpt":{"rendered":"<p>Chega ao \u00faltimo final de semana a programa\u00e7\u00e3o musical da Temporada de Inverno 2026 de Canela. Neste s\u00e1bado e domingo, dias 22 e 23 de agosto, o p\u00fablico ainda poder\u00e1 conferir cinco apresenta\u00e7\u00f5es na Pra\u00e7a Jo\u00e3o Corr\u00eaa. Os artistas s\u00e3o de variados estilos, como rock, sertanejo, pagode e cl\u00e1ssicos. Os shows s\u00e3o totalmente gratuitos e [&hellip;]<\/p>\n","protected":false},"author":2,"featured_media":13134,"comment_status":"open","ping_status":"open","sticky":false,"template":"","format":"standard","meta":{"jetpack_post_was_ever_published":false,"_jetpack_newsletter_access":"","_jetpack_dont_email_post_to_subs":false,"_jetpack_newsletter_tier_id":0,"_jetpack_memberships_contains_paywalled_content":false,"_jetpack_memberships_contains_paid_content":false,"footnotes":"","jetpack_publicize_message":"","jetpack_publicize_feature_enabled":true,"jetpack_social_post_already_shared":true,"jetpack_social_options":{"image_generator_settings":{"template":"highway","enabled":false},"version":2}},"categories":[69,302],"tags":[],"class_list":["post-13133","post","type-post","status-publish","format-standard","has-post-thumbnail","hentry","category-turismo","category-ultimas-noticias"],"jetpack_publicize_connections":[],"jetpack_featured_media_url":"https:\/\/i0.wp.com\/www.canelaenfoco.com.br\/canela\/wp-content\/uploads\/2026\/08\/Jazz-Cinnamon-abriu-a-programacao-da-temporada-Matheus-Lima.jpeg?fit=1600%2C1066","blog_post_layout_featured_media_urls":{"thumbnail":["https:\/\/i0.wp.com\/www.canelaenfoco.com.br\/canela\/wp-content\/uploads\/2026\/08\/Jazz-Cinnamon-abriu-a-programacao-da-temporada-Matheus-Lima.jpeg?resize=150%2C150",150,150,true],"full":["https:\/\/i0.wp.com\/www.canelaenfoco.com.br\/canela\/wp-content\/uploads\/2026\/08\/Jazz-Cinnamon-abriu-a-programacao-da-temporada-Matheus-Lima.jpeg?fit=1600%2C1066",1600,1066,false]},"categories_names":{"69":{"name":"TURISMO","link":"http:\/\/www.canelaenfoco.com.br\/canela\/category\/turismo\/"},"302":{"name":"\u00daLTIMAS NOTICIAS","link":"http:\/\/www.canelaenfoco.com.br\/canela\/category\/ultimas-noticias\/"}},"tags_names":[],"comments_number":"0","wpmagazine_modules_lite_featured_media_urls":{"thumbnail":["https:\/\/i0.wp.com\/www.canelaenfoco.com.br\/canela\/wp-content\/uploads\/2026\/08\/Jazz-Cinnamon-abriu-a-programacao-da-temporada-Matheus-Lima.jpeg?resize=150%2C150",150,150,true],"cvmm-medium":["https:\/\/i0.wp.com\/www.canelaenfoco.com.br\/canela\/wp-content\/uploads\/2026\/08\/Jazz-Cinnamon-abriu-a-programacao-da-temporada-Matheus-Lima.jpeg?resize=300%2C300",300,300,true],"cvmm-medium-plus":["https:\/\/i0.wp.com\/www.canelaenfoco.com.br\/canela\/wp-content\/uploads\/2026\/08\/Jazz-Cinnamon-abriu-a-programacao-da-temporada-Matheus-Lima.jpeg?resize=305%2C207",305,207,true],"cvmm-portrait":["https:\/\/i0.wp.com\/www.canelaenfoco.com.br\/canela\/wp-content\/uploads\/2026\/08\/Jazz-Cinnamon-abriu-a-programacao-da-temporada-Matheus-Lima.jpeg?resize=400%2C600",400,600,true],"cvmm-medium-square":["https:\/\/i0.wp.com\/www.canelaenfoco.com.br\/canela\/wp-content\/uploads\/2026\/08\/Jazz-Cinnamon-abriu-a-programacao-da-temporada-Matheus-Lima.jpeg?resize=600%2C600",600,600,true],"cvmm-large":["https:\/\/i0.wp.com\/www.canelaenfoco.com.br\/canela\/wp-content\/uploads\/2026\/08\/Jazz-Cinnamon-abriu-a-programacao-da-temporada-Matheus-Lima.jpeg?resize=1024%2C1024",1024,1024,true],"cvmm-small":["https:\/\/i0.wp.com\/www.canelaenfoco.com.br\/canela\/wp-content\/uploads\/2026\/08\/Jazz-Cinnamon-abriu-a-programacao-da-temporada-Matheus-Lima.jpeg?resize=130%2C95",130,95,true],"full":["https:\/\/i0.wp.com\/www.canelaenfoco.com.br\/canela\/wp-content\/uploads\/2026\/08\/Jazz-Cinnamon-abriu-a-programacao-da-temporada-Matheus-Lima.jpeg?fit=1600%2C1066",1600,1066,false]},"jetpack_shortlink":"https:\/\/wp.me\/p77jMX-3pP","jetpack-related-posts":[],"jetpack_sharing_enabled":true,"_links":{"self":[{"href":"http:\/\/www.canelaenfoco.com.br\/canela\/wp-json\/wp\/v2\/posts\/13133","targetHints":{"allow":["GET"]}}],"collection":[{"href":"http:\/\/www.canelaenfoco.com.br\/canela\/wp-json\/wp\/v2\/posts"}],"about":[{"href":"http:\/\/www.canelaenfoco.com.br\/canela\/wp-json\/wp\/v2\/types\/post"}],"author":[{"embeddable":true,"href":"http:\/\/www.canelaenfoco.com.br\/canela\/wp-json\/wp\/v2\/users\/2"}],"replies":[{"embeddable":true,"href":"http:\/\/www.canelaenfoco.com.br\/canela\/wp-json\/wp\/v2\/comments?post=13133"}],"version-history":[{"count":1,"href":"http:\/\/www.canelaenfoco.com.br\/canela\/wp-json\/wp\/v2\/posts\/13133\/revisions"}],"predecessor-version":[{"id":13135,"href":"http:\/\/www.canelaenfoco.com.br\/canela\/wp-json\/wp\/v2\/posts\/13133\/revisions\/13135"}],"wp:featuredmedia":[{"embeddable":true,"href":"http:\/\/www.canelaenfoco.com.br\/canela\/wp-json\/wp\/v2\/media\/13134"}],"wp:attachment":[{"href":"http:\/\/www.canelaenfoco.com.br\/canela\/wp-json\/wp\/v2\/media?parent=13133"}],"wp:term":[{"taxonomy":"category","embeddable":true,"href":"http:\/\/www.canelaenfoco.com.br\/canela\/wp-json\/wp\/v2\/categories?post=13133"},{"taxonomy":"post_tag","embeddable":true,"href":"http:\/\/www.canelaenfoco.com.br\/canela\/wp-json\/wp\/v2\/tags?post=13133"}],"curies":[{"name":"wp","href":"https:\/\/api.w.org\/{rel}","templated":true}]}}