{"id":13126,"date":"2026-08-21T10:31:39","date_gmt":"2026-08-21T13:31:39","guid":{"rendered":"https:\/\/www.canelaenfoco.com.br\/canela\/?p=13126"},"modified":"2026-08-21T10:47:24","modified_gmt":"2026-08-21T13:47:24","slug":"plano-municipal-de-educacao-tera-audiencias-publicas-em-agosto","status":"publish","type":"post","link":"http:\/\/www.canelaenfoco.com.br\/canela\/2026\/08\/21\/plano-municipal-de-educacao-tera-audiencias-publicas-em-agosto\/","title":{"rendered":"PLANO MUNICIPAL DE EDUCA\u00c7\u00c3O TER\u00c1 AUDI\u00caNCIAS P\u00daBLICAS EM AGOSTO"},"content":{"rendered":"<div id=\"m#msg-f:1874072879353422839\" class=\"mail-message expanded\">\n<div id=\"m#msg-f:1874072879353422839-header\" class=\"mail-message-header spacer\"><\/div>\n<div id=\"m#msg-f:1874072879353422839-content\" class=\"mail-message-content collapsible zoom-normal mail-show-images \">\n<div class=\"clear\">\n<div dir=\"ltr\">\n<div style=\"text-align: left;\">\n<p>A comunidade canelense est\u00e1 convidada a participar das audi\u00eancias p\u00fablicas da primeira reda\u00e7\u00e3o do Plano Municipal de Educa\u00e7\u00e3o (PME) 2026\u20132036. Os encontros ser\u00e3o promovidos pelo Comit\u00ea Gestor Municipal e pelo F\u00f3rum Municipal de Educa\u00e7\u00e3o de Canela nos dias 25 e 27 de agosto, no Campus da Universidade de Caxias do Sul (UCS), em Canela, das 18h30 \u00e0s 22 horas.<\/p>\n<p>O documento \u00e9 resultado de um processo coletivo de estudos, an\u00e1lises e constru\u00e7\u00e3o colaborativa, desenvolvido com o compromisso de planejar os rumos da educa\u00e7\u00e3o do munic\u00edpio para os pr\u00f3ximos dez anos. A primeira reda\u00e7\u00e3o representa uma vers\u00e3o preliminar, aberta \u00e0 participa\u00e7\u00e3o da sociedade, que poder\u00e1 contribuir com sugest\u00f5es e apontamentos antes da consolida\u00e7\u00e3o do texto final.<\/p>\n<p>A organiza\u00e7\u00e3o ressalta que a participa\u00e7\u00e3o popular \u00e9 fundamental para a elabora\u00e7\u00e3o de um planejamento educacional que fortale\u00e7a a educa\u00e7\u00e3o p\u00fablica com qualidade, equidade e compromisso.<\/p>\n<\/div>\n<div><\/div>\n<div><\/div>\n<div><\/div>\n<\/div>\n<\/div>\n<\/div>\n<div id=\"m#msg-f:1874072879353422839-footer\" class=\"mail-message-footer spacer collapsible\"><\/div>\n<\/div>\n","protected":false},"excerpt":{"rendered":"<p>A comunidade canelense est\u00e1 convidada a participar das audi\u00eancias p\u00fablicas da primeira reda\u00e7\u00e3o do Plano Municipal de Educa\u00e7\u00e3o (PME) 2026\u20132036. Os encontros ser\u00e3o promovidos pelo Comit\u00ea Gestor Municipal e pelo F\u00f3rum Municipal de Educa\u00e7\u00e3o de Canela nos dias 25 e 27 de agosto, no Campus da Universidade de Caxias do Sul (UCS), em Canela, das [&hellip;]<\/p>\n","protected":false},"author":2,"featured_media":13129,"comment_status":"open","ping_status":"open","sticky":false,"template":"","format":"standard","meta":{"jetpack_post_was_ever_published":false,"_jetpack_newsletter_access":"","_jetpack_dont_email_post_to_subs":false,"_jetpack_newsletter_tier_id":0,"_jetpack_memberships_contains_paywalled_content":false,"_jetpack_memberships_contains_paid_content":false,"footnotes":"","jetpack_publicize_message":"","jetpack_publicize_feature_enabled":true,"jetpack_social_post_already_shared":true,"jetpack_social_options":{"image_generator_settings":{"template":"highway","enabled":false},"version":2}},"categories":[304,302],"tags":[],"class_list":["post-13126","post","type-post","status-publish","format-standard","has-post-thumbnail","hentry","category-educacao","category-ultimas-noticias"],"jetpack_publicize_connections":[],"jetpack_featured_media_url":"https:\/\/i0.wp.com\/www.canelaenfoco.com.br\/canela\/wp-content\/uploads\/2026\/08\/IMG-20260820-WA0040.jpg?fit=1536%2C1024","blog_post_layout_featured_media_urls":{"thumbnail":["https:\/\/i0.wp.com\/www.canelaenfoco.com.br\/canela\/wp-content\/uploads\/2026\/08\/IMG-20260820-WA0040.jpg?resize=150%2C150",150,150,true],"full":["https:\/\/i0.wp.com\/www.canelaenfoco.com.br\/canela\/wp-content\/uploads\/2026\/08\/IMG-20260820-WA0040.jpg?fit=1536%2C1024",1536,1024,false]},"categories_names":{"304":{"name":"EDUCA\u00c7\u00c3O","link":"http:\/\/www.canelaenfoco.com.br\/canela\/category\/educacao\/"},"302":{"name":"\u00daLTIMAS NOTICIAS","link":"http:\/\/www.canelaenfoco.com.br\/canela\/category\/ultimas-noticias\/"}},"tags_names":[],"comments_number":"0","wpmagazine_modules_lite_featured_media_urls":{"thumbnail":["https:\/\/i0.wp.com\/www.canelaenfoco.com.br\/canela\/wp-content\/uploads\/2026\/08\/IMG-20260820-WA0040.jpg?resize=150%2C150",150,150,true],"cvmm-medium":["https:\/\/i0.wp.com\/www.canelaenfoco.com.br\/canela\/wp-content\/uploads\/2026\/08\/IMG-20260820-WA0040.jpg?resize=300%2C300",300,300,true],"cvmm-medium-plus":["https:\/\/i0.wp.com\/www.canelaenfoco.com.br\/canela\/wp-content\/uploads\/2026\/08\/IMG-20260820-WA0040.jpg?resize=305%2C207",305,207,true],"cvmm-portrait":["https:\/\/i0.wp.com\/www.canelaenfoco.com.br\/canela\/wp-content\/uploads\/2026\/08\/IMG-20260820-WA0040.jpg?resize=400%2C600",400,600,true],"cvmm-medium-square":["https:\/\/i0.wp.com\/www.canelaenfoco.com.br\/canela\/wp-content\/uploads\/2026\/08\/IMG-20260820-WA0040.jpg?resize=600%2C600",600,600,true],"cvmm-large":["https:\/\/i0.wp.com\/www.canelaenfoco.com.br\/canela\/wp-content\/uploads\/2026\/08\/IMG-20260820-WA0040.jpg?resize=1024%2C1024",1024,1024,true],"cvmm-small":["https:\/\/i0.wp.com\/www.canelaenfoco.com.br\/canela\/wp-content\/uploads\/2026\/08\/IMG-20260820-WA0040.jpg?resize=130%2C95",130,95,true],"full":["https:\/\/i0.wp.com\/www.canelaenfoco.com.br\/canela\/wp-content\/uploads\/2026\/08\/IMG-20260820-WA0040.jpg?fit=1536%2C1024",1536,1024,false]},"jetpack_shortlink":"https:\/\/wp.me\/p77jMX-3pI","jetpack-related-posts":[],"jetpack_sharing_enabled":true,"_links":{"self":[{"href":"http:\/\/www.canelaenfoco.com.br\/canela\/wp-json\/wp\/v2\/posts\/13126","targetHints":{"allow":["GET"]}}],"collection":[{"href":"http:\/\/www.canelaenfoco.com.br\/canela\/wp-json\/wp\/v2\/posts"}],"about":[{"href":"http:\/\/www.canelaenfoco.com.br\/canela\/wp-json\/wp\/v2\/types\/post"}],"author":[{"embeddable":true,"href":"http:\/\/www.canelaenfoco.com.br\/canela\/wp-json\/wp\/v2\/users\/2"}],"replies":[{"embeddable":true,"href":"http:\/\/www.canelaenfoco.com.br\/canela\/wp-json\/wp\/v2\/comments?post=13126"}],"version-history":[{"count":1,"href":"http:\/\/www.canelaenfoco.com.br\/canela\/wp-json\/wp\/v2\/posts\/13126\/revisions"}],"predecessor-version":[{"id":13130,"href":"http:\/\/www.canelaenfoco.com.br\/canela\/wp-json\/wp\/v2\/posts\/13126\/revisions\/13130"}],"wp:featuredmedia":[{"embeddable":true,"href":"http:\/\/www.canelaenfoco.com.br\/canela\/wp-json\/wp\/v2\/media\/13129"}],"wp:attachment":[{"href":"http:\/\/www.canelaenfoco.com.br\/canela\/wp-json\/wp\/v2\/media?parent=13126"}],"wp:term":[{"taxonomy":"category","embeddable":true,"href":"http:\/\/www.canelaenfoco.com.br\/canela\/wp-json\/wp\/v2\/categories?post=13126"},{"taxonomy":"post_tag","embeddable":true,"href":"http:\/\/www.canelaenfoco.com.br\/canela\/wp-json\/wp\/v2\/tags?post=13126"}],"curies":[{"name":"wp","href":"https:\/\/api.w.org\/{rel}","templated":true}]}}