{"id":13119,"date":"2026-08-13T15:08:17","date_gmt":"2026-08-13T18:08:17","guid":{"rendered":"https:\/\/www.canelaenfoco.com.br\/canela\/?p=13119"},"modified":"2026-08-13T15:08:17","modified_gmt":"2026-08-13T18:08:17","slug":"13119","status":"publish","type":"post","link":"http:\/\/www.canelaenfoco.com.br\/canela\/2026\/08\/13\/13119\/","title":{"rendered":""},"content":{"rendered":"<div id=\"1\" class=\"spacer overlay\"><\/div>\n<div id=\"m#msg-f:1873343718112859934\" class=\"mail-message expanded\">\n<div id=\"m#msg-f:1873343718112859934-header\" class=\"mail-message-header spacer\"><\/div>\n<div id=\"m#msg-f:1873343718112859934-content\" class=\"mail-message-content collapsible zoom-normal mail-show-images \">\n<div class=\"clear\">\n<div dir=\"ltr\">\n<div><b><span style=\"font-size: large;\">Programa\u00e7\u00e3o musical da Temporada de Inverno come\u00e7a neste final de semana<\/span><\/b><\/p>\n<p>As primeiras apresenta\u00e7\u00f5es da programa\u00e7\u00e3o musical da Temporada de Inverno de Canela acontecem neste final de semana. No s\u00e1bado, dia 15, o grupo Jazz Cinnamon e o cantor Jardel Ramos e a banda Teu Jeitinho ser\u00e3o as atra\u00e7\u00f5es na Pra\u00e7a Jo\u00e3o Corr\u00eaa. J\u00e1 no domingo, 16, com a previs\u00e3o de tempo inst\u00e1vel, os shows da Big Hits e do conjunto Percuss\u00e3o do Samba v\u00e3o acontecer na Esta\u00e7\u00e3o Campos de Canella, garantindo assim um local protegido para que o p\u00fablico possa aproveitar as atra\u00e7\u00f5es que abrem os shows da esta\u00e7\u00e3o mais fria e encantadora do ano.<\/p>\n<p>A Secretaria Municipal de Turismo e Cultura programou as apresenta\u00e7\u00f5es para acontecerem no turno da tarde neste ano &#8211; a primeira \u00e0s 15h e a segunda \u00e0s 16h30, no s\u00e1bado e no domingo -, propiciando que toda a comunidade consiga aproveitar as atra\u00e7\u00f5es, desde fam\u00edlias com crian\u00e7as e as pessoas idosas.<\/p>\n<p>O local das exibi\u00e7\u00f5es tamb\u00e9m est\u00e1 diferente, sendo centralizado na Pra\u00e7a, entre o Centro de Aten\u00e7\u00e3o ao Turista e as casinhas do artesanato, para que o p\u00fablico tamb\u00e9m se sinta mais pr\u00f3ximo dos artistas e possa interagir. Nos dias de chuva, a estrutura \u00e9 transferida para a \u201cRua Coberta\u201d de Canela, na antiga esta\u00e7\u00e3o ferrovi\u00e1ria.<\/p>\n<p><b>Dois finais de semana de programa\u00e7\u00e3o<\/b><\/p>\n<p>Al\u00e9m das quatro atra\u00e7\u00f5es programadas para este final de semana, no pr\u00f3ximo tamb\u00e9m se apresentam, no dia 22, a banda Madame Red, \u00e0s 15h, e a dupla sertaneja Rui e Mateus, \u00e0s 16h30. Depois, no domingo, 23, Hally e banda tocam \u00e0s 15h, enquanto HS BB faz seu show \u00e0s 16h30. As apresenta\u00e7\u00f5es acontecem na Pra\u00e7a Jo\u00e3o Corr\u00eaa, salvo em caso de chuva.<\/p>\n<p><b>Confira a grade completa de shows<br \/>\n<\/b><br \/>\n<b>15\/08 (s\u00e1bado)<\/b><br \/>\n15h \u2013 Jazz Cinnamon\u00a0<i>*Banda de Jazz<\/i><br \/>\n16h30 \u2013 Jardel Ramos e Banda Teu Jeitinho\u00a0<i>*Sertanejo<\/i><\/p>\n<p><b>16\/08 (domingo)<\/b><br \/>\n15h \u2013 Big Hits\u00a0<i>*Rock<\/i><br \/>\n16h30 \u2013 Percuss\u00e3o do Samba\u00a0<i>*Pagode<\/i><\/p>\n<p><b>22\/08 (s\u00e1bado)<\/b><br \/>\n15h \u2013 Madame Red \u2013 Divas Session\u00a0<i>*Cl\u00e1ssicos em vozes femininas<\/i><br \/>\n16h30 \u2013 Dupla Rui e Mateus\u00a0<i>*Sertanejo<\/i><br \/>\n<b><br \/>\n23\/08 (domingo)<\/b><br \/>\n15h \u2013 Hally e banda\u00a0<i>*Pagode<\/i><br \/>\n16h30 \u2013 HS BB <i>*Sertanejo\u00a0<\/i><\/div>\n<div>\n<div class=\"gmail_signature\" dir=\"ltr\" data-smartmail=\"gmail_signature\">\n<div dir=\"ltr\"><\/div>\n<\/div>\n<\/div>\n<\/div>\n<\/div>\n<\/div>\n<div id=\"m#msg-f:1873343718112859934-footer\" class=\"mail-message-footer spacer collapsible\"><\/div>\n<\/div>\n","protected":false},"excerpt":{"rendered":"<p>Programa\u00e7\u00e3o musical da Temporada de Inverno come\u00e7a neste final de semana As primeiras apresenta\u00e7\u00f5es da programa\u00e7\u00e3o musical da Temporada de Inverno de Canela acontecem neste final de semana. No s\u00e1bado, dia 15, o grupo Jazz Cinnamon e o cantor Jardel Ramos e a banda Teu Jeitinho ser\u00e3o as atra\u00e7\u00f5es na Pra\u00e7a Jo\u00e3o Corr\u00eaa. J\u00e1 no [&hellip;]<\/p>\n","protected":false},"author":2,"featured_media":13120,"comment_status":"open","ping_status":"open","sticky":false,"template":"","format":"standard","meta":{"jetpack_post_was_ever_published":false,"_jetpack_newsletter_access":"","_jetpack_dont_email_post_to_subs":false,"_jetpack_newsletter_tier_id":0,"_jetpack_memberships_contains_paywalled_content":false,"_jetpack_memberships_contains_paid_content":false,"footnotes":"","jetpack_publicize_message":"","jetpack_publicize_feature_enabled":true,"jetpack_social_post_already_shared":true,"jetpack_social_options":{"image_generator_settings":{"template":"highway","enabled":false},"version":2}},"categories":[69,302],"tags":[],"class_list":["post-13119","post","type-post","status-publish","format-standard","has-post-thumbnail","hentry","category-turismo","category-ultimas-noticias"],"jetpack_publicize_connections":[],"jetpack_featured_media_url":"https:\/\/i0.wp.com\/www.canelaenfoco.com.br\/canela\/wp-content\/uploads\/2026\/08\/Programacao-2.png?fit=1080%2C1350","blog_post_layout_featured_media_urls":{"thumbnail":["https:\/\/i0.wp.com\/www.canelaenfoco.com.br\/canela\/wp-content\/uploads\/2026\/08\/Programacao-2.png?resize=150%2C150",150,150,true],"full":["https:\/\/i0.wp.com\/www.canelaenfoco.com.br\/canela\/wp-content\/uploads\/2026\/08\/Programacao-2.png?fit=1080%2C1350",1080,1350,false]},"categories_names":{"69":{"name":"TURISMO","link":"http:\/\/www.canelaenfoco.com.br\/canela\/category\/turismo\/"},"302":{"name":"\u00daLTIMAS NOTICIAS","link":"http:\/\/www.canelaenfoco.com.br\/canela\/category\/ultimas-noticias\/"}},"tags_names":[],"comments_number":"0","wpmagazine_modules_lite_featured_media_urls":{"thumbnail":["https:\/\/i0.wp.com\/www.canelaenfoco.com.br\/canela\/wp-content\/uploads\/2026\/08\/Programacao-2.png?resize=150%2C150",150,150,true],"cvmm-medium":["https:\/\/i0.wp.com\/www.canelaenfoco.com.br\/canela\/wp-content\/uploads\/2026\/08\/Programacao-2.png?resize=300%2C300",300,300,true],"cvmm-medium-plus":["https:\/\/i0.wp.com\/www.canelaenfoco.com.br\/canela\/wp-content\/uploads\/2026\/08\/Programacao-2.png?resize=305%2C207",305,207,true],"cvmm-portrait":["https:\/\/i0.wp.com\/www.canelaenfoco.com.br\/canela\/wp-content\/uploads\/2026\/08\/Programacao-2.png?resize=400%2C600",400,600,true],"cvmm-medium-square":["https:\/\/i0.wp.com\/www.canelaenfoco.com.br\/canela\/wp-content\/uploads\/2026\/08\/Programacao-2.png?resize=600%2C600",600,600,true],"cvmm-large":["https:\/\/i0.wp.com\/www.canelaenfoco.com.br\/canela\/wp-content\/uploads\/2026\/08\/Programacao-2.png?resize=1024%2C1024",1024,1024,true],"cvmm-small":["https:\/\/i0.wp.com\/www.canelaenfoco.com.br\/canela\/wp-content\/uploads\/2026\/08\/Programacao-2.png?resize=130%2C95",130,95,true],"full":["https:\/\/i0.wp.com\/www.canelaenfoco.com.br\/canela\/wp-content\/uploads\/2026\/08\/Programacao-2.png?fit=1080%2C1350",1080,1350,false]},"jetpack_shortlink":"https:\/\/wp.me\/s77jMX-13119","jetpack-related-posts":[],"jetpack_sharing_enabled":true,"_links":{"self":[{"href":"http:\/\/www.canelaenfoco.com.br\/canela\/wp-json\/wp\/v2\/posts\/13119","targetHints":{"allow":["GET"]}}],"collection":[{"href":"http:\/\/www.canelaenfoco.com.br\/canela\/wp-json\/wp\/v2\/posts"}],"about":[{"href":"http:\/\/www.canelaenfoco.com.br\/canela\/wp-json\/wp\/v2\/types\/post"}],"author":[{"embeddable":true,"href":"http:\/\/www.canelaenfoco.com.br\/canela\/wp-json\/wp\/v2\/users\/2"}],"replies":[{"embeddable":true,"href":"http:\/\/www.canelaenfoco.com.br\/canela\/wp-json\/wp\/v2\/comments?post=13119"}],"version-history":[{"count":1,"href":"http:\/\/www.canelaenfoco.com.br\/canela\/wp-json\/wp\/v2\/posts\/13119\/revisions"}],"predecessor-version":[{"id":13121,"href":"http:\/\/www.canelaenfoco.com.br\/canela\/wp-json\/wp\/v2\/posts\/13119\/revisions\/13121"}],"wp:featuredmedia":[{"embeddable":true,"href":"http:\/\/www.canelaenfoco.com.br\/canela\/wp-json\/wp\/v2\/media\/13120"}],"wp:attachment":[{"href":"http:\/\/www.canelaenfoco.com.br\/canela\/wp-json\/wp\/v2\/media?parent=13119"}],"wp:term":[{"taxonomy":"category","embeddable":true,"href":"http:\/\/www.canelaenfoco.com.br\/canela\/wp-json\/wp\/v2\/categories?post=13119"},{"taxonomy":"post_tag","embeddable":true,"href":"http:\/\/www.canelaenfoco.com.br\/canela\/wp-json\/wp\/v2\/tags?post=13119"}],"curies":[{"name":"wp","href":"https:\/\/api.w.org\/{rel}","templated":true}]}}