{"id":13116,"date":"2026-08-13T15:03:49","date_gmt":"2026-08-13T18:03:49","guid":{"rendered":"https:\/\/www.canelaenfoco.com.br\/canela\/?p=13116"},"modified":"2026-08-13T15:03:49","modified_gmt":"2026-08-13T18:03:49","slug":"confira-a-programacao-da-semana-da-pessoa-com-deficiencia","status":"publish","type":"post","link":"http:\/\/www.canelaenfoco.com.br\/canela\/2026\/08\/13\/confira-a-programacao-da-semana-da-pessoa-com-deficiencia\/","title":{"rendered":"CONFIRA A PROGRAMA\u00c7\u00c3O DA SEMANA DA PESSOA COM DEFICI\u00caNCIA"},"content":{"rendered":"<div id=\"m#msg-f:1873346935560564268\" class=\"mail-message expanded\">\n<div id=\"m#msg-f:1873346935560564268-header\" class=\"mail-message-header spacer\"><\/div>\n<div id=\"m#msg-f:1873346935560564268-content\" class=\"mail-message-content collapsible zoom-normal mail-show-images \">\n<div class=\"clear\">\n<div dir=\"ltr\">\n<div>Com o objetivo de promover a conscientiza\u00e7\u00e3o sobre a inclus\u00e3o, a acessibilidade e a participa\u00e7\u00e3o social das pessoas com defici\u00eancia intelectual e m\u00faltipla, Canela contar\u00e1 com uma programa\u00e7\u00e3o especial de 21 a 28 de agosto, em alus\u00e3o \u00e0 Semana da Pessoa com Defici\u00eancia.<\/p>\n<p>A iniciativa \u00e9 promovida pela Prefeitura de Canela, por meio das Secretarias de Assist\u00eancia, Desenvolvimento Social, Cidadania e Habita\u00e7\u00e3o e de Educa\u00e7\u00e3o, Esporte e Lazer, em parceria com a Apae Canela, a Associa\u00e7\u00e3o Canelense de Pessoas com Defici\u00eancia F\u00edsica (ACPDF) e a Associa\u00e7\u00e3o de Pais e Amigos dos Autistas (AMA) da Regi\u00e3o das Hort\u00eansias.<\/p>\n<p>A programa\u00e7\u00e3o contar\u00e1 com palestras, passeio cicl\u00edstico adaptado, sess\u00e3o na C\u00e2mara de Vereadores, oficinas e atividades esportivas. A abertura oficial ser\u00e1 realizada no dia 21 de agosto, \u00e0s 18h, com palestra do psic\u00f3logo Gabriel Feiten, no sal\u00e3o da APAE.<\/p>\n<p><b>Programa\u00e7\u00e3o<\/b><\/p>\n<p><b>21\/08 \u2013 sexta-feira<\/b><br \/>\n18h \u2013 Palestra com Gabriel Feiten<br \/>\nLocal: Sal\u00e3o da APAE \u2013 Rua Almirante Barroso, 295, Centro.<\/p>\n<p><b>22\/08 \u2013 s\u00e1bado<\/b><br \/>\n10h \u2013 Passeio cicl\u00edstico adaptado<br \/>\nLocal: sa\u00edda do ped\u00e1gio do Salto.<\/p>\n<p><b>24\/08 \u2013 segunda-feira<\/b><br \/>\n19h \u2013 Sess\u00e3o na C\u00e2mara de Vereadores.<\/p>\n<p><b>25\/08 \u2013 ter\u00e7a-feira<\/b><br \/>\n18h \u2013 Palestra com Dr. Vin\u00edcius<br \/>\nLocal: Sicredi \u2013 Rua Jo\u00e3o Pessoa.<\/p>\n<p><b>26\/08\u00a0<\/b>\u2013 quarta-feira<br \/>\n13h30 \u00e0 15h30 \u2013 Jogo de basquete adaptado<br \/>\nLocal: quadra da Escola Municipal Jo\u00e3o Alfredo Corr\u00eaa Pinto.<\/p>\n<p><b>27 e 28\/08<\/b>\u00a0\u2013 quinta e sexta-feira<br \/>\n8h \u00e0s 11h30 \u2013 Oficinas na APAE, destinadas aos alunos do Ensino Fundamental.<\/div>\n<div><\/div>\n<div><\/div>\n<div><\/div>\n<div>\n<div class=\"gmail_signature\" dir=\"ltr\" data-smartmail=\"gmail_signature\">\n<div dir=\"ltr\"><\/div>\n<\/div>\n<\/div>\n<\/div>\n<\/div>\n<\/div>\n<div id=\"m#msg-f:1873346935560564268-footer\" class=\"mail-message-footer spacer collapsible\"><\/div>\n<\/div>\n","protected":false},"excerpt":{"rendered":"<p>Com o objetivo de promover a conscientiza\u00e7\u00e3o sobre a inclus\u00e3o, a acessibilidade e a participa\u00e7\u00e3o social das pessoas com defici\u00eancia intelectual e m\u00faltipla, Canela contar\u00e1 com uma programa\u00e7\u00e3o especial de 21 a 28 de agosto, em alus\u00e3o \u00e0 Semana da Pessoa com Defici\u00eancia. A iniciativa \u00e9 promovida pela Prefeitura de Canela, por meio das Secretarias [&hellip;]<\/p>\n","protected":false},"author":2,"featured_media":13117,"comment_status":"open","ping_status":"open","sticky":false,"template":"","format":"standard","meta":{"jetpack_post_was_ever_published":false,"_jetpack_newsletter_access":"","_jetpack_dont_email_post_to_subs":false,"_jetpack_newsletter_tier_id":0,"_jetpack_memberships_contains_paywalled_content":false,"_jetpack_memberships_contains_paid_content":false,"footnotes":"","jetpack_publicize_message":"","jetpack_publicize_feature_enabled":true,"jetpack_social_post_already_shared":true,"jetpack_social_options":{"image_generator_settings":{"template":"highway","enabled":false},"version":2}},"categories":[527,302],"tags":[],"class_list":["post-13116","post","type-post","status-publish","format-standard","has-post-thumbnail","hentry","category-geral","category-ultimas-noticias"],"jetpack_publicize_connections":[],"jetpack_featured_media_url":"https:\/\/i0.wp.com\/www.canelaenfoco.com.br\/canela\/wp-content\/uploads\/2026\/08\/encontro-Sindrome-de-Down-Cidica.jpg?fit=1920%2C1280","blog_post_layout_featured_media_urls":{"thumbnail":["https:\/\/i0.wp.com\/www.canelaenfoco.com.br\/canela\/wp-content\/uploads\/2026\/08\/encontro-Sindrome-de-Down-Cidica.jpg?resize=150%2C150",150,150,true],"full":["https:\/\/i0.wp.com\/www.canelaenfoco.com.br\/canela\/wp-content\/uploads\/2026\/08\/encontro-Sindrome-de-Down-Cidica.jpg?fit=1920%2C1280",1920,1280,false]},"categories_names":{"527":{"name":"Geral","link":"http:\/\/www.canelaenfoco.com.br\/canela\/category\/geral\/"},"302":{"name":"\u00daLTIMAS NOTICIAS","link":"http:\/\/www.canelaenfoco.com.br\/canela\/category\/ultimas-noticias\/"}},"tags_names":[],"comments_number":"0","wpmagazine_modules_lite_featured_media_urls":{"thumbnail":["https:\/\/i0.wp.com\/www.canelaenfoco.com.br\/canela\/wp-content\/uploads\/2026\/08\/encontro-Sindrome-de-Down-Cidica.jpg?resize=150%2C150",150,150,true],"cvmm-medium":["https:\/\/i0.wp.com\/www.canelaenfoco.com.br\/canela\/wp-content\/uploads\/2026\/08\/encontro-Sindrome-de-Down-Cidica.jpg?resize=300%2C300",300,300,true],"cvmm-medium-plus":["https:\/\/i0.wp.com\/www.canelaenfoco.com.br\/canela\/wp-content\/uploads\/2026\/08\/encontro-Sindrome-de-Down-Cidica.jpg?resize=305%2C207",305,207,true],"cvmm-portrait":["https:\/\/i0.wp.com\/www.canelaenfoco.com.br\/canela\/wp-content\/uploads\/2026\/08\/encontro-Sindrome-de-Down-Cidica.jpg?resize=400%2C600",400,600,true],"cvmm-medium-square":["https:\/\/i0.wp.com\/www.canelaenfoco.com.br\/canela\/wp-content\/uploads\/2026\/08\/encontro-Sindrome-de-Down-Cidica.jpg?resize=600%2C600",600,600,true],"cvmm-large":["https:\/\/i0.wp.com\/www.canelaenfoco.com.br\/canela\/wp-content\/uploads\/2026\/08\/encontro-Sindrome-de-Down-Cidica.jpg?resize=1024%2C1024",1024,1024,true],"cvmm-small":["https:\/\/i0.wp.com\/www.canelaenfoco.com.br\/canela\/wp-content\/uploads\/2026\/08\/encontro-Sindrome-de-Down-Cidica.jpg?resize=130%2C95",130,95,true],"full":["https:\/\/i0.wp.com\/www.canelaenfoco.com.br\/canela\/wp-content\/uploads\/2026\/08\/encontro-Sindrome-de-Down-Cidica.jpg?fit=1920%2C1280",1920,1280,false]},"jetpack_shortlink":"https:\/\/wp.me\/p77jMX-3py","jetpack-related-posts":[],"jetpack_sharing_enabled":true,"_links":{"self":[{"href":"http:\/\/www.canelaenfoco.com.br\/canela\/wp-json\/wp\/v2\/posts\/13116","targetHints":{"allow":["GET"]}}],"collection":[{"href":"http:\/\/www.canelaenfoco.com.br\/canela\/wp-json\/wp\/v2\/posts"}],"about":[{"href":"http:\/\/www.canelaenfoco.com.br\/canela\/wp-json\/wp\/v2\/types\/post"}],"author":[{"embeddable":true,"href":"http:\/\/www.canelaenfoco.com.br\/canela\/wp-json\/wp\/v2\/users\/2"}],"replies":[{"embeddable":true,"href":"http:\/\/www.canelaenfoco.com.br\/canela\/wp-json\/wp\/v2\/comments?post=13116"}],"version-history":[{"count":1,"href":"http:\/\/www.canelaenfoco.com.br\/canela\/wp-json\/wp\/v2\/posts\/13116\/revisions"}],"predecessor-version":[{"id":13118,"href":"http:\/\/www.canelaenfoco.com.br\/canela\/wp-json\/wp\/v2\/posts\/13116\/revisions\/13118"}],"wp:featuredmedia":[{"embeddable":true,"href":"http:\/\/www.canelaenfoco.com.br\/canela\/wp-json\/wp\/v2\/media\/13117"}],"wp:attachment":[{"href":"http:\/\/www.canelaenfoco.com.br\/canela\/wp-json\/wp\/v2\/media?parent=13116"}],"wp:term":[{"taxonomy":"category","embeddable":true,"href":"http:\/\/www.canelaenfoco.com.br\/canela\/wp-json\/wp\/v2\/categories?post=13116"},{"taxonomy":"post_tag","embeddable":true,"href":"http:\/\/www.canelaenfoco.com.br\/canela\/wp-json\/wp\/v2\/tags?post=13116"}],"curies":[{"name":"wp","href":"https:\/\/api.w.org\/{rel}","templated":true}]}}