{"id":13113,"date":"2026-08-13T14:43:00","date_gmt":"2026-08-13T17:43:00","guid":{"rendered":"https:\/\/www.canelaenfoco.com.br\/canela\/?p=13113"},"modified":"2026-08-13T14:43:00","modified_gmt":"2026-08-13T17:43:00","slug":"mostra-cultural-da-rodolfo-schlieper-homenageia-100-anos-de-canela","status":"publish","type":"post","link":"http:\/\/www.canelaenfoco.com.br\/canela\/2026\/08\/13\/mostra-cultural-da-rodolfo-schlieper-homenageia-100-anos-de-canela\/","title":{"rendered":"MOSTRA CULTURAL DA RODOLFO SCHLIEPER HOMENAGEIA 100 ANOS DE CANELA"},"content":{"rendered":"<div id=\"1\" class=\"spacer overlay\"><\/div>\n<div id=\"m#msg-f:1873166446750100630\" class=\"mail-message expanded\">\n<div id=\"m#msg-f:1873166446750100630-header\" class=\"mail-message-header spacer\"><\/div>\n<div id=\"m#msg-f:1873166446750100630-content\" class=\"mail-message-content collapsible zoom-normal mail-show-images \">\n<div class=\"clear\">\n<div dir=\"ltr\">\n<div>\n<p><span style=\"font-size: large;\">Escola Rodolfo Schlieper realiza 9\u00aa Mostra Cultural em homenagem aos 100 anos de Canela<\/span><\/p>\n<p>A Escola Municipal de Educa\u00e7\u00e3o Infantil e Fundamental Especial (EMEIEFE) Rodolfo Schlieper realiza nesta sexta-feira, dia 14, \u00e0s 19h, no Teatr\u00e3o, a 9\u00aa Mostra Cultural. O evento reunir\u00e1 alunos, profissionais da escola e familiares em uma celebra\u00e7\u00e3o do conhecimento, da criatividade e da cultura.<\/p>\n<p>Realizada anualmente, a Mostra Cultural tem como objetivo aproximar as fam\u00edlias do processo educativo, valorizar as potencialidades dos estudantes e estimular o desenvolvimento de diferentes habilidades por meio de experi\u00eancias significativas de aprendizagem. O evento \u00e9 resultado de um trabalho desenvolvido diariamente em sala de aula, envolvendo diferentes \u00e1reas do conhecimento e respeitando as caracter\u00edsticas, os interesses e as possibilidades de cada aluno.<\/p>\n<p>A cada edi\u00e7\u00e3o, a escola define um tema para orientar as atividades e apresenta\u00e7\u00f5es. Em 2026, a Mostra Cultural ganha um significado especial ao homenagear os 100 anos de Canela como distrito de Taquara, celebrando a hist\u00f3ria, a cultura, as tradi\u00e7\u00f5es e os elementos que contribu\u00edram para a constru\u00e7\u00e3o da identidade do munic\u00edpio.<\/p>\n<p>Com o tema \u201cCanela, 100 anos como distrito de Taquara: hist\u00f3ria, tradi\u00e7\u00e3o e orgulho de ser Canela\u201d, a 9\u00aa Mostra Cultural prop\u00f5e uma viagem por diferentes momentos e s\u00edmbolos que fazem parte da trajet\u00f3ria do munic\u00edpio.<\/p>\n<\/div>\n<div><\/div>\n<div><\/div>\n<div><\/div>\n<div><\/div>\n<div>\n<div class=\"gmail_signature\" dir=\"ltr\" data-smartmail=\"gmail_signature\">\n<div dir=\"ltr\"><\/div>\n<\/div>\n<\/div>\n<\/div>\n<\/div>\n<\/div>\n<div id=\"m#msg-f:1873166446750100630-footer\" class=\"mail-message-footer spacer collapsible\"><\/div>\n<\/div>\n","protected":false},"excerpt":{"rendered":"<p>Escola Rodolfo Schlieper realiza 9\u00aa Mostra Cultural em homenagem aos 100 anos de Canela A Escola Municipal de Educa\u00e7\u00e3o Infantil e Fundamental Especial (EMEIEFE) Rodolfo Schlieper realiza nesta sexta-feira, dia 14, \u00e0s 19h, no Teatr\u00e3o, a 9\u00aa Mostra Cultural. O evento reunir\u00e1 alunos, profissionais da escola e familiares em uma celebra\u00e7\u00e3o do conhecimento, da criatividade [&hellip;]<\/p>\n","protected":false},"author":2,"featured_media":13114,"comment_status":"open","ping_status":"open","sticky":false,"template":"","format":"standard","meta":{"jetpack_post_was_ever_published":false,"_jetpack_newsletter_access":"","_jetpack_dont_email_post_to_subs":false,"_jetpack_newsletter_tier_id":0,"_jetpack_memberships_contains_paywalled_content":false,"_jetpack_memberships_contains_paid_content":false,"footnotes":"","jetpack_publicize_message":"","jetpack_publicize_feature_enabled":true,"jetpack_social_post_already_shared":true,"jetpack_social_options":{"image_generator_settings":{"template":"highway","enabled":false},"version":2}},"categories":[304,302],"tags":[],"class_list":["post-13113","post","type-post","status-publish","format-standard","has-post-thumbnail","hentry","category-educacao","category-ultimas-noticias"],"jetpack_publicize_connections":[],"jetpack_featured_media_url":"https:\/\/i0.wp.com\/www.canelaenfoco.com.br\/canela\/wp-content\/uploads\/2026\/08\/Mostra-Cultural-Rodolfo-Schlieper.jpeg?fit=1280%2C719","blog_post_layout_featured_media_urls":{"thumbnail":["https:\/\/i0.wp.com\/www.canelaenfoco.com.br\/canela\/wp-content\/uploads\/2026\/08\/Mostra-Cultural-Rodolfo-Schlieper.jpeg?resize=150%2C150",150,150,true],"full":["https:\/\/i0.wp.com\/www.canelaenfoco.com.br\/canela\/wp-content\/uploads\/2026\/08\/Mostra-Cultural-Rodolfo-Schlieper.jpeg?fit=1280%2C719",1280,719,false]},"categories_names":{"304":{"name":"EDUCA\u00c7\u00c3O","link":"http:\/\/www.canelaenfoco.com.br\/canela\/category\/educacao\/"},"302":{"name":"\u00daLTIMAS NOTICIAS","link":"http:\/\/www.canelaenfoco.com.br\/canela\/category\/ultimas-noticias\/"}},"tags_names":[],"comments_number":"0","wpmagazine_modules_lite_featured_media_urls":{"thumbnail":["https:\/\/i0.wp.com\/www.canelaenfoco.com.br\/canela\/wp-content\/uploads\/2026\/08\/Mostra-Cultural-Rodolfo-Schlieper.jpeg?resize=150%2C150",150,150,true],"cvmm-medium":["https:\/\/i0.wp.com\/www.canelaenfoco.com.br\/canela\/wp-content\/uploads\/2026\/08\/Mostra-Cultural-Rodolfo-Schlieper.jpeg?resize=300%2C300",300,300,true],"cvmm-medium-plus":["https:\/\/i0.wp.com\/www.canelaenfoco.com.br\/canela\/wp-content\/uploads\/2026\/08\/Mostra-Cultural-Rodolfo-Schlieper.jpeg?resize=305%2C207",305,207,true],"cvmm-portrait":["https:\/\/i0.wp.com\/www.canelaenfoco.com.br\/canela\/wp-content\/uploads\/2026\/08\/Mostra-Cultural-Rodolfo-Schlieper.jpeg?resize=400%2C600",400,600,true],"cvmm-medium-square":["https:\/\/i0.wp.com\/www.canelaenfoco.com.br\/canela\/wp-content\/uploads\/2026\/08\/Mostra-Cultural-Rodolfo-Schlieper.jpeg?resize=600%2C600",600,600,true],"cvmm-large":["https:\/\/i0.wp.com\/www.canelaenfoco.com.br\/canela\/wp-content\/uploads\/2026\/08\/Mostra-Cultural-Rodolfo-Schlieper.jpeg?resize=1024%2C719",1024,719,true],"cvmm-small":["https:\/\/i0.wp.com\/www.canelaenfoco.com.br\/canela\/wp-content\/uploads\/2026\/08\/Mostra-Cultural-Rodolfo-Schlieper.jpeg?resize=130%2C95",130,95,true],"full":["https:\/\/i0.wp.com\/www.canelaenfoco.com.br\/canela\/wp-content\/uploads\/2026\/08\/Mostra-Cultural-Rodolfo-Schlieper.jpeg?fit=1280%2C719",1280,719,false]},"jetpack_shortlink":"https:\/\/wp.me\/p77jMX-3pv","jetpack-related-posts":[],"jetpack_sharing_enabled":true,"_links":{"self":[{"href":"http:\/\/www.canelaenfoco.com.br\/canela\/wp-json\/wp\/v2\/posts\/13113","targetHints":{"allow":["GET"]}}],"collection":[{"href":"http:\/\/www.canelaenfoco.com.br\/canela\/wp-json\/wp\/v2\/posts"}],"about":[{"href":"http:\/\/www.canelaenfoco.com.br\/canela\/wp-json\/wp\/v2\/types\/post"}],"author":[{"embeddable":true,"href":"http:\/\/www.canelaenfoco.com.br\/canela\/wp-json\/wp\/v2\/users\/2"}],"replies":[{"embeddable":true,"href":"http:\/\/www.canelaenfoco.com.br\/canela\/wp-json\/wp\/v2\/comments?post=13113"}],"version-history":[{"count":1,"href":"http:\/\/www.canelaenfoco.com.br\/canela\/wp-json\/wp\/v2\/posts\/13113\/revisions"}],"predecessor-version":[{"id":13115,"href":"http:\/\/www.canelaenfoco.com.br\/canela\/wp-json\/wp\/v2\/posts\/13113\/revisions\/13115"}],"wp:featuredmedia":[{"embeddable":true,"href":"http:\/\/www.canelaenfoco.com.br\/canela\/wp-json\/wp\/v2\/media\/13114"}],"wp:attachment":[{"href":"http:\/\/www.canelaenfoco.com.br\/canela\/wp-json\/wp\/v2\/media?parent=13113"}],"wp:term":[{"taxonomy":"category","embeddable":true,"href":"http:\/\/www.canelaenfoco.com.br\/canela\/wp-json\/wp\/v2\/categories?post=13113"},{"taxonomy":"post_tag","embeddable":true,"href":"http:\/\/www.canelaenfoco.com.br\/canela\/wp-json\/wp\/v2\/tags?post=13113"}],"curies":[{"name":"wp","href":"https:\/\/api.w.org\/{rel}","templated":true}]}}