{"id":13106,"date":"2026-08-08T08:04:13","date_gmt":"2026-08-08T11:04:13","guid":{"rendered":"https:\/\/www.canelaenfoco.com.br\/canela\/?p=13106"},"modified":"2026-08-08T08:04:13","modified_gmt":"2026-08-08T11:04:13","slug":"casinhas-do-artesanato-funcionam-ate-dia-30-de-agosto-na-joao-correa","status":"publish","type":"post","link":"http:\/\/www.canelaenfoco.com.br\/canela\/2026\/08\/08\/casinhas-do-artesanato-funcionam-ate-dia-30-de-agosto-na-joao-correa\/","title":{"rendered":"CASINHAS DO ARTESANATO FUNCIONAM AT\u00c9 DIA 30 DE AGOSTO NA JO\u00c3O CORR\u00caA"},"content":{"rendered":"<p>&nbsp;<\/p>\n<p>As casinhas do artesanato que funcionaram durante a 32\u00aa Festa Colonial de Canela, v\u00e3o continuar abertas na Pra\u00e7a Jo\u00e3o Corr\u00eaa at\u00e9 o dia 30 de agosto. De acordo com o Departamento de Cultura, da Secretaria Municipal de Turismo e Cultura, a pedido dos pr\u00f3prios artes\u00e3os, a estrutura seguir\u00e1 montada para aproveitar a movimenta\u00e7\u00e3o da cidade durante a Temporada de Inverno, que tamb\u00e9m contar\u00e1 com programa\u00e7\u00e3o musical no local.<\/p>\n<p>&nbsp;<\/p>\n<p>O funcionamento da estrutura seguir\u00e1 das 10h \u00e0s 18h, de quinta a ter\u00e7a-feira at\u00e9 o dia 16 de agosto. Depois, segue aos finais de semana, de quinta-feira a domingo, no mesmo hor\u00e1rio, encerrando no dia 30.<\/p>\n<p>&nbsp;<\/p>\n<p>Os artes\u00e3os ocupantes das casinhas e que foram credenciados em edital da Prefeitura s\u00e3o: Bya Artesanato, Criarte Personalizados, OW Atelier, Piskita Arteira Atelier, Artesanato da Miriam, Ki Finna Artes, Artesanato Ind\u00edgena, Riechen Aromas e Solarium.<\/p>\n<p>&nbsp;<\/p>\n<p>Os artesanatos comercializados pelos artes\u00e3os credenciados se somam aos produzidos pelos ocupantes das casinhas coloridas da Associa\u00e7\u00e3o Canelense &#8211; localizadas na rua Serafim Dias, nas proximidades da Casa de Pedra. Em ambos os espa\u00e7os, moradores e visitantes encontram op\u00e7\u00f5es de presentes que carregam a identidade, a criatividade e as tradi\u00e7\u00f5es de Canela.<\/p>\n<p>&nbsp;<\/p>\n<p>Foto: J\u00falio Dias\/Prefeitura de Canela<\/p>\n","protected":false},"excerpt":{"rendered":"<p>&nbsp; As casinhas do artesanato que funcionaram durante a 32\u00aa Festa Colonial de Canela, v\u00e3o continuar abertas na Pra\u00e7a Jo\u00e3o Corr\u00eaa at\u00e9 o dia 30 de agosto. De acordo com o Departamento de Cultura, da Secretaria Municipal de Turismo e Cultura, a pedido dos pr\u00f3prios artes\u00e3os, a estrutura seguir\u00e1 montada para aproveitar a movimenta\u00e7\u00e3o da [&hellip;]<\/p>\n","protected":false},"author":2,"featured_media":13107,"comment_status":"open","ping_status":"open","sticky":false,"template":"","format":"standard","meta":{"jetpack_post_was_ever_published":false,"_jetpack_newsletter_access":"","_jetpack_dont_email_post_to_subs":false,"_jetpack_newsletter_tier_id":0,"_jetpack_memberships_contains_paywalled_content":false,"_jetpack_memberships_contains_paid_content":false,"footnotes":"","jetpack_publicize_message":"","jetpack_publicize_feature_enabled":true,"jetpack_social_post_already_shared":true,"jetpack_social_options":{"image_generator_settings":{"template":"highway","enabled":false},"version":2}},"categories":[69,302],"tags":[],"class_list":["post-13106","post","type-post","status-publish","format-standard","has-post-thumbnail","hentry","category-turismo","category-ultimas-noticias"],"jetpack_publicize_connections":[],"jetpack_featured_media_url":"https:\/\/i0.wp.com\/www.canelaenfoco.com.br\/canela\/wp-content\/uploads\/2026\/08\/Artesaos-continuam-na-Praca-ate-30-de-agosto-Julio-Dias.jpeg?fit=1600%2C1066","blog_post_layout_featured_media_urls":{"thumbnail":["https:\/\/i0.wp.com\/www.canelaenfoco.com.br\/canela\/wp-content\/uploads\/2026\/08\/Artesaos-continuam-na-Praca-ate-30-de-agosto-Julio-Dias.jpeg?resize=150%2C150",150,150,true],"full":["https:\/\/i0.wp.com\/www.canelaenfoco.com.br\/canela\/wp-content\/uploads\/2026\/08\/Artesaos-continuam-na-Praca-ate-30-de-agosto-Julio-Dias.jpeg?fit=1600%2C1066",1600,1066,false]},"categories_names":{"69":{"name":"TURISMO","link":"http:\/\/www.canelaenfoco.com.br\/canela\/category\/turismo\/"},"302":{"name":"\u00daLTIMAS NOTICIAS","link":"http:\/\/www.canelaenfoco.com.br\/canela\/category\/ultimas-noticias\/"}},"tags_names":[],"comments_number":"0","wpmagazine_modules_lite_featured_media_urls":{"thumbnail":["https:\/\/i0.wp.com\/www.canelaenfoco.com.br\/canela\/wp-content\/uploads\/2026\/08\/Artesaos-continuam-na-Praca-ate-30-de-agosto-Julio-Dias.jpeg?resize=150%2C150",150,150,true],"cvmm-medium":["https:\/\/i0.wp.com\/www.canelaenfoco.com.br\/canela\/wp-content\/uploads\/2026\/08\/Artesaos-continuam-na-Praca-ate-30-de-agosto-Julio-Dias.jpeg?resize=300%2C300",300,300,true],"cvmm-medium-plus":["https:\/\/i0.wp.com\/www.canelaenfoco.com.br\/canela\/wp-content\/uploads\/2026\/08\/Artesaos-continuam-na-Praca-ate-30-de-agosto-Julio-Dias.jpeg?resize=305%2C207",305,207,true],"cvmm-portrait":["https:\/\/i0.wp.com\/www.canelaenfoco.com.br\/canela\/wp-content\/uploads\/2026\/08\/Artesaos-continuam-na-Praca-ate-30-de-agosto-Julio-Dias.jpeg?resize=400%2C600",400,600,true],"cvmm-medium-square":["https:\/\/i0.wp.com\/www.canelaenfoco.com.br\/canela\/wp-content\/uploads\/2026\/08\/Artesaos-continuam-na-Praca-ate-30-de-agosto-Julio-Dias.jpeg?resize=600%2C600",600,600,true],"cvmm-large":["https:\/\/i0.wp.com\/www.canelaenfoco.com.br\/canela\/wp-content\/uploads\/2026\/08\/Artesaos-continuam-na-Praca-ate-30-de-agosto-Julio-Dias.jpeg?resize=1024%2C1024",1024,1024,true],"cvmm-small":["https:\/\/i0.wp.com\/www.canelaenfoco.com.br\/canela\/wp-content\/uploads\/2026\/08\/Artesaos-continuam-na-Praca-ate-30-de-agosto-Julio-Dias.jpeg?resize=130%2C95",130,95,true],"full":["https:\/\/i0.wp.com\/www.canelaenfoco.com.br\/canela\/wp-content\/uploads\/2026\/08\/Artesaos-continuam-na-Praca-ate-30-de-agosto-Julio-Dias.jpeg?fit=1600%2C1066",1600,1066,false]},"jetpack_shortlink":"https:\/\/wp.me\/p77jMX-3po","jetpack-related-posts":[],"jetpack_sharing_enabled":true,"_links":{"self":[{"href":"http:\/\/www.canelaenfoco.com.br\/canela\/wp-json\/wp\/v2\/posts\/13106","targetHints":{"allow":["GET"]}}],"collection":[{"href":"http:\/\/www.canelaenfoco.com.br\/canela\/wp-json\/wp\/v2\/posts"}],"about":[{"href":"http:\/\/www.canelaenfoco.com.br\/canela\/wp-json\/wp\/v2\/types\/post"}],"author":[{"embeddable":true,"href":"http:\/\/www.canelaenfoco.com.br\/canela\/wp-json\/wp\/v2\/users\/2"}],"replies":[{"embeddable":true,"href":"http:\/\/www.canelaenfoco.com.br\/canela\/wp-json\/wp\/v2\/comments?post=13106"}],"version-history":[{"count":1,"href":"http:\/\/www.canelaenfoco.com.br\/canela\/wp-json\/wp\/v2\/posts\/13106\/revisions"}],"predecessor-version":[{"id":13108,"href":"http:\/\/www.canelaenfoco.com.br\/canela\/wp-json\/wp\/v2\/posts\/13106\/revisions\/13108"}],"wp:featuredmedia":[{"embeddable":true,"href":"http:\/\/www.canelaenfoco.com.br\/canela\/wp-json\/wp\/v2\/media\/13107"}],"wp:attachment":[{"href":"http:\/\/www.canelaenfoco.com.br\/canela\/wp-json\/wp\/v2\/media?parent=13106"}],"wp:term":[{"taxonomy":"category","embeddable":true,"href":"http:\/\/www.canelaenfoco.com.br\/canela\/wp-json\/wp\/v2\/categories?post=13106"},{"taxonomy":"post_tag","embeddable":true,"href":"http:\/\/www.canelaenfoco.com.br\/canela\/wp-json\/wp\/v2\/tags?post=13106"}],"curies":[{"name":"wp","href":"https:\/\/api.w.org\/{rel}","templated":true}]}}