{"id":13103,"date":"2026-08-08T07:58:15","date_gmt":"2026-08-08T10:58:15","guid":{"rendered":"https:\/\/www.canelaenfoco.com.br\/canela\/?p=13103"},"modified":"2026-08-08T07:58:15","modified_gmt":"2026-08-08T10:58:15","slug":"junta-militar-realizara-selecao-geral-dia-24-e-25","status":"publish","type":"post","link":"http:\/\/www.canelaenfoco.com.br\/canela\/2026\/08\/08\/junta-militar-realizara-selecao-geral-dia-24-e-25\/","title":{"rendered":"JUNTA MILITAR REALIZAR\u00c1 SELE\u00c7\u00c3O GERAL DIA 24 E 25"},"content":{"rendered":"<div><\/div>\n<div style=\"text-align: left;\">A Junta de Servi\u00e7o Militar de Canela convoca os jovens que realizaram o alistamento militar no segundo semestre de 2025 e no primeiro semestre de 2026 no munic\u00edpio, al\u00e9m dos refrat\u00e1rios de anos anteriores, para a Sele\u00e7\u00e3o Geral. A apresenta\u00e7\u00e3o ocorrer\u00e1 nos dias 24 e 25 de agosto, na sede da Junta de Servi\u00e7o Militar, localizada na Rua S\u00e3o Francisco, n\u00ba 199, no bairro Boeira, junto ao CIDICA.<br \/>\nDe acordo com o secret\u00e1rio da Junta de Servi\u00e7o Militar, Tiago Scain, no dia da apresenta\u00e7\u00e3o \u00e9 obrigat\u00f3rio portar o Certificado de Alistamento Militar (CAM) e um documento oficial com foto, como Carteira de Identidade (RG) ou Carteira Nacional de Habilita\u00e7\u00e3o (CNH).<br \/>\nTamb\u00e9m \u00e9 indispens\u00e1vel comparecer utilizando traje adequado: cal\u00e7a, camiseta e cal\u00e7ado fechado. N\u00e3o ser\u00e1 permitido o acesso com bermuda, short ou bon\u00e9.<br \/>\nA Junta Militar alerta que o n\u00e3o comparecimento deixar\u00e1 o cidad\u00e3o em d\u00e9bito com o Servi\u00e7o Militar, acarretando restri\u00e7\u00f5es como: obter ou renovar passaporte;inscrever-se em concursos p\u00fablicos ou tomar posse em cargos p\u00fablicos; matricular-se em institui\u00e7\u00f5es de ensino;firmar contratos com \u00f3rg\u00e3os p\u00fablicos;obter carteira profissional ou registrar diplomas de profiss\u00f5es regulamentadas, entre outras limita\u00e7\u00f5es previstas em lei.<br \/>\nA data e o hor\u00e1rio de apresenta\u00e7\u00e3o de cada jovem podem ser consultados no portal oficial<a href=\"http:\/\/alistamento.eb.mil.br\/\" target=\"_blank\" rel=\"noopener noreferrer\" data-saferedirecturl=\"https:\/\/www.google.com\/url?q=http:\/\/alistamento.eb.mil.br&amp;source=gmail&amp;ust=1786046739101000&amp;usg=AOvVaw0FgE8QW6PNQCAfVNG_lw_d\">\u00a0alistamento.eb.mil.br<\/a>, acessando as op\u00e7\u00f5es &#8220;J\u00e1 me alistei&#8221; e &#8220;Acompanhar meu alistamento&#8221;, ou por meio da lista dispon\u00edvel no\u00a0<a href=\"https:\/\/drive.google.com\/file\/d\/16yydGegDZmHriyjvvzovEQT_IMqUYE6w\/view\" target=\"_blank\" rel=\"noopener noreferrer\" data-saferedirecturl=\"https:\/\/www.google.com\/url?q=https:\/\/drive.google.com\/file\/d\/16yydGegDZmHriyjvvzovEQT_IMqUYE6w\/view&amp;source=gmail&amp;ust=1786046739101000&amp;usg=AOvVaw3g8i42vAPHh94WDzSSeTf_\">link<\/a><\/div>\n","protected":false},"excerpt":{"rendered":"<p>A Junta de Servi\u00e7o Militar de Canela convoca os jovens que realizaram o alistamento militar no segundo semestre de 2025 e no primeiro semestre de 2026 no munic\u00edpio, al\u00e9m dos refrat\u00e1rios de anos anteriores, para a Sele\u00e7\u00e3o Geral. A apresenta\u00e7\u00e3o ocorrer\u00e1 nos dias 24 e 25 de agosto, na sede da Junta de Servi\u00e7o Militar, [&hellip;]<\/p>\n","protected":false},"author":2,"featured_media":13104,"comment_status":"open","ping_status":"open","sticky":false,"template":"","format":"standard","meta":{"jetpack_post_was_ever_published":false,"_jetpack_newsletter_access":"","_jetpack_dont_email_post_to_subs":false,"_jetpack_newsletter_tier_id":0,"_jetpack_memberships_contains_paywalled_content":false,"_jetpack_memberships_contains_paid_content":false,"footnotes":"","jetpack_publicize_message":"","jetpack_publicize_feature_enabled":true,"jetpack_social_post_already_shared":true,"jetpack_social_options":{"image_generator_settings":{"template":"highway","enabled":false},"version":2}},"categories":[527,302],"tags":[],"class_list":["post-13103","post","type-post","status-publish","format-standard","has-post-thumbnail","hentry","category-geral","category-ultimas-noticias"],"jetpack_publicize_connections":[],"jetpack_featured_media_url":"https:\/\/i0.wp.com\/www.canelaenfoco.com.br\/canela\/wp-content\/uploads\/2026\/08\/Alistamento-Militar.jpeg?fit=1024%2C575","blog_post_layout_featured_media_urls":{"thumbnail":["https:\/\/i0.wp.com\/www.canelaenfoco.com.br\/canela\/wp-content\/uploads\/2026\/08\/Alistamento-Militar.jpeg?resize=150%2C150",150,150,true],"full":["https:\/\/i0.wp.com\/www.canelaenfoco.com.br\/canela\/wp-content\/uploads\/2026\/08\/Alistamento-Militar.jpeg?fit=1024%2C575",1024,575,false]},"categories_names":{"527":{"name":"Geral","link":"http:\/\/www.canelaenfoco.com.br\/canela\/category\/geral\/"},"302":{"name":"\u00daLTIMAS NOTICIAS","link":"http:\/\/www.canelaenfoco.com.br\/canela\/category\/ultimas-noticias\/"}},"tags_names":[],"comments_number":"0","wpmagazine_modules_lite_featured_media_urls":{"thumbnail":["https:\/\/i0.wp.com\/www.canelaenfoco.com.br\/canela\/wp-content\/uploads\/2026\/08\/Alistamento-Militar.jpeg?resize=150%2C150",150,150,true],"cvmm-medium":["https:\/\/i0.wp.com\/www.canelaenfoco.com.br\/canela\/wp-content\/uploads\/2026\/08\/Alistamento-Militar.jpeg?resize=300%2C300",300,300,true],"cvmm-medium-plus":["https:\/\/i0.wp.com\/www.canelaenfoco.com.br\/canela\/wp-content\/uploads\/2026\/08\/Alistamento-Militar.jpeg?resize=305%2C207",305,207,true],"cvmm-portrait":["https:\/\/i0.wp.com\/www.canelaenfoco.com.br\/canela\/wp-content\/uploads\/2026\/08\/Alistamento-Militar.jpeg?resize=400%2C575",400,575,true],"cvmm-medium-square":["https:\/\/i0.wp.com\/www.canelaenfoco.com.br\/canela\/wp-content\/uploads\/2026\/08\/Alistamento-Militar.jpeg?resize=600%2C575",600,575,true],"cvmm-large":["https:\/\/i0.wp.com\/www.canelaenfoco.com.br\/canela\/wp-content\/uploads\/2026\/08\/Alistamento-Militar.jpeg?resize=1024%2C575",1024,575,true],"cvmm-small":["https:\/\/i0.wp.com\/www.canelaenfoco.com.br\/canela\/wp-content\/uploads\/2026\/08\/Alistamento-Militar.jpeg?resize=130%2C95",130,95,true],"full":["https:\/\/i0.wp.com\/www.canelaenfoco.com.br\/canela\/wp-content\/uploads\/2026\/08\/Alistamento-Militar.jpeg?fit=1024%2C575",1024,575,false]},"jetpack_shortlink":"https:\/\/wp.me\/p77jMX-3pl","jetpack-related-posts":[],"jetpack_sharing_enabled":true,"_links":{"self":[{"href":"http:\/\/www.canelaenfoco.com.br\/canela\/wp-json\/wp\/v2\/posts\/13103","targetHints":{"allow":["GET"]}}],"collection":[{"href":"http:\/\/www.canelaenfoco.com.br\/canela\/wp-json\/wp\/v2\/posts"}],"about":[{"href":"http:\/\/www.canelaenfoco.com.br\/canela\/wp-json\/wp\/v2\/types\/post"}],"author":[{"embeddable":true,"href":"http:\/\/www.canelaenfoco.com.br\/canela\/wp-json\/wp\/v2\/users\/2"}],"replies":[{"embeddable":true,"href":"http:\/\/www.canelaenfoco.com.br\/canela\/wp-json\/wp\/v2\/comments?post=13103"}],"version-history":[{"count":1,"href":"http:\/\/www.canelaenfoco.com.br\/canela\/wp-json\/wp\/v2\/posts\/13103\/revisions"}],"predecessor-version":[{"id":13105,"href":"http:\/\/www.canelaenfoco.com.br\/canela\/wp-json\/wp\/v2\/posts\/13103\/revisions\/13105"}],"wp:featuredmedia":[{"embeddable":true,"href":"http:\/\/www.canelaenfoco.com.br\/canela\/wp-json\/wp\/v2\/media\/13104"}],"wp:attachment":[{"href":"http:\/\/www.canelaenfoco.com.br\/canela\/wp-json\/wp\/v2\/media?parent=13103"}],"wp:term":[{"taxonomy":"category","embeddable":true,"href":"http:\/\/www.canelaenfoco.com.br\/canela\/wp-json\/wp\/v2\/categories?post=13103"},{"taxonomy":"post_tag","embeddable":true,"href":"http:\/\/www.canelaenfoco.com.br\/canela\/wp-json\/wp\/v2\/tags?post=13103"}],"curies":[{"name":"wp","href":"https:\/\/api.w.org\/{rel}","templated":true}]}}