{"id":13096,"date":"2026-08-07T11:00:29","date_gmt":"2026-08-07T14:00:29","guid":{"rendered":"https:\/\/www.canelaenfoco.com.br\/canela\/?p=13096"},"modified":"2026-08-07T11:01:28","modified_gmt":"2026-08-07T14:01:28","slug":"biblioteca-municipal-promove-acao-de-incentivo-a-leitura","status":"publish","type":"post","link":"http:\/\/www.canelaenfoco.com.br\/canela\/2026\/08\/07\/biblioteca-municipal-promove-acao-de-incentivo-a-leitura\/","title":{"rendered":"BIBLIOTECA MUNICIPAL PROMOVE A\u00c7\u00c3O DE INCENTIVO \u00c0 LEITURA"},"content":{"rendered":"<div>\n<p>Com o objetivo de incentivar o h\u00e1bito da leitura e aproximar a comunidade dos servi\u00e7os oferecidos pela Biblioteca Municipal, o Departamento de Cultura da Secretaria de Turismo e Cultura de Canela promove, neste s\u00e1bado, 8 de agosto, uma a\u00e7\u00e3o especial das 9h \u00e0s 12h. A atividade ser\u00e1 realizada em parceria com a Feirinha Ecol\u00f3gica, que acontece no espa\u00e7o Canela Rural, ao lado do Centro de feiras.<\/p>\n<p>Durante a a\u00e7\u00e3o, ser\u00e1 disponibilizado um ponto de distribui\u00e7\u00e3o de livros usados, que poder\u00e3o ser retirados gratuitamente pelos visitantes da feira, como forma de estimular o acesso \u00e0 leitura. Al\u00e9m disso, a Biblioteca Municipal estar\u00e1 aberta excepcionalmente neste s\u00e1bado para realizar o cadastro de novos leitores, apresentar seus servi\u00e7os e orientar a comunidade sobre o funcionamento do empr\u00e9stimo gratuito de livros.<\/p>\n<p>A iniciativa busca fortalecer o v\u00ednculo entre a biblioteca e a comunidade, despertar o interesse pela leitura e ampliar o n\u00famero de usu\u00e1rios desse importante equipamento cultural do munic\u00edpio.<\/p>\n<\/div>\n<div><\/div>\n<div style=\"text-align: left;\">\n<p>A Biblioteca Municipal est\u00e1 localizada na\u00a0<a href=\"https:\/\/www.google.com\/maps\/search\/Rua+Papa+Jo%C3%A3o+XXIII,+n%C2%BA+17?entry=gmail&amp;source=g\">Rua Papa Jo\u00e3o XXIII, n\u00ba 17<\/a>, no Centro de Canela, ao lado do espa\u00e7o onde acontece a Feirinha Ecol\u00f3gica, facilitando o acesso dos visitantes interessados em conhecer o acervo e os servi\u00e7os oferecidos.<\/p>\n<p>Para realizar o cadastro, os interessados dever\u00e3o apresentar documento de identidade, comprovante de resid\u00eancia e duas fotos 3&#215;4. Ap\u00f3s a inscri\u00e7\u00e3o, o leitor poder\u00e1 utilizar gratuitamente o servi\u00e7o de empr\u00e9stimo de livros e aproveitar todo o acervo dispon\u00edvel na Biblioteca Municipal.<\/p>\n<\/div>\n<p>Foto: J\u00falio Dias\/Prefeitura de Canela<\/p>\n","protected":false},"excerpt":{"rendered":"<p>Com o objetivo de incentivar o h\u00e1bito da leitura e aproximar a comunidade dos servi\u00e7os oferecidos pela Biblioteca Municipal, o Departamento de Cultura da Secretaria de Turismo e Cultura de Canela promove, neste s\u00e1bado, 8 de agosto, uma a\u00e7\u00e3o especial das 9h \u00e0s 12h. A atividade ser\u00e1 realizada em parceria com a Feirinha Ecol\u00f3gica, que [&hellip;]<\/p>\n","protected":false},"author":2,"featured_media":13097,"comment_status":"open","ping_status":"open","sticky":false,"template":"","format":"standard","meta":{"jetpack_post_was_ever_published":false,"_jetpack_newsletter_access":"","_jetpack_dont_email_post_to_subs":false,"_jetpack_newsletter_tier_id":0,"_jetpack_memberships_contains_paywalled_content":false,"_jetpack_memberships_contains_paid_content":false,"footnotes":"","jetpack_publicize_message":"","jetpack_publicize_feature_enabled":true,"jetpack_social_post_already_shared":true,"jetpack_social_options":{"image_generator_settings":{"template":"highway","enabled":false},"version":2}},"categories":[62,302],"tags":[],"class_list":["post-13096","post","type-post","status-publish","format-standard","has-post-thumbnail","hentry","category-cultura","category-ultimas-noticias"],"jetpack_publicize_connections":[],"jetpack_featured_media_url":"https:\/\/i0.wp.com\/www.canelaenfoco.com.br\/canela\/wp-content\/uploads\/2026\/08\/Biblioteca-Municipal-scaled.jpg?fit=2560%2C1707","blog_post_layout_featured_media_urls":{"thumbnail":["https:\/\/i0.wp.com\/www.canelaenfoco.com.br\/canela\/wp-content\/uploads\/2026\/08\/Biblioteca-Municipal-scaled.jpg?resize=150%2C150",150,150,true],"full":["https:\/\/i0.wp.com\/www.canelaenfoco.com.br\/canela\/wp-content\/uploads\/2026\/08\/Biblioteca-Municipal-scaled.jpg?fit=2560%2C1707",2560,1707,false]},"categories_names":{"62":{"name":"CULTURA","link":"http:\/\/www.canelaenfoco.com.br\/canela\/category\/cultura\/"},"302":{"name":"\u00daLTIMAS NOTICIAS","link":"http:\/\/www.canelaenfoco.com.br\/canela\/category\/ultimas-noticias\/"}},"tags_names":[],"comments_number":"0","wpmagazine_modules_lite_featured_media_urls":{"thumbnail":["https:\/\/i0.wp.com\/www.canelaenfoco.com.br\/canela\/wp-content\/uploads\/2026\/08\/Biblioteca-Municipal-scaled.jpg?resize=150%2C150",150,150,true],"cvmm-medium":["https:\/\/i0.wp.com\/www.canelaenfoco.com.br\/canela\/wp-content\/uploads\/2026\/08\/Biblioteca-Municipal-scaled.jpg?resize=300%2C300",300,300,true],"cvmm-medium-plus":["https:\/\/i0.wp.com\/www.canelaenfoco.com.br\/canela\/wp-content\/uploads\/2026\/08\/Biblioteca-Municipal-scaled.jpg?resize=305%2C207",305,207,true],"cvmm-portrait":["https:\/\/i0.wp.com\/www.canelaenfoco.com.br\/canela\/wp-content\/uploads\/2026\/08\/Biblioteca-Municipal-scaled.jpg?resize=400%2C600",400,600,true],"cvmm-medium-square":["https:\/\/i0.wp.com\/www.canelaenfoco.com.br\/canela\/wp-content\/uploads\/2026\/08\/Biblioteca-Municipal-scaled.jpg?resize=600%2C600",600,600,true],"cvmm-large":["https:\/\/i0.wp.com\/www.canelaenfoco.com.br\/canela\/wp-content\/uploads\/2026\/08\/Biblioteca-Municipal-scaled.jpg?resize=1024%2C1024",1024,1024,true],"cvmm-small":["https:\/\/i0.wp.com\/www.canelaenfoco.com.br\/canela\/wp-content\/uploads\/2026\/08\/Biblioteca-Municipal-scaled.jpg?resize=130%2C95",130,95,true],"full":["https:\/\/i0.wp.com\/www.canelaenfoco.com.br\/canela\/wp-content\/uploads\/2026\/08\/Biblioteca-Municipal-scaled.jpg?fit=2560%2C1707",2560,1707,false]},"jetpack_shortlink":"https:\/\/wp.me\/p77jMX-3pe","jetpack-related-posts":[],"jetpack_sharing_enabled":true,"_links":{"self":[{"href":"http:\/\/www.canelaenfoco.com.br\/canela\/wp-json\/wp\/v2\/posts\/13096","targetHints":{"allow":["GET"]}}],"collection":[{"href":"http:\/\/www.canelaenfoco.com.br\/canela\/wp-json\/wp\/v2\/posts"}],"about":[{"href":"http:\/\/www.canelaenfoco.com.br\/canela\/wp-json\/wp\/v2\/types\/post"}],"author":[{"embeddable":true,"href":"http:\/\/www.canelaenfoco.com.br\/canela\/wp-json\/wp\/v2\/users\/2"}],"replies":[{"embeddable":true,"href":"http:\/\/www.canelaenfoco.com.br\/canela\/wp-json\/wp\/v2\/comments?post=13096"}],"version-history":[{"count":2,"href":"http:\/\/www.canelaenfoco.com.br\/canela\/wp-json\/wp\/v2\/posts\/13096\/revisions"}],"predecessor-version":[{"id":13099,"href":"http:\/\/www.canelaenfoco.com.br\/canela\/wp-json\/wp\/v2\/posts\/13096\/revisions\/13099"}],"wp:featuredmedia":[{"embeddable":true,"href":"http:\/\/www.canelaenfoco.com.br\/canela\/wp-json\/wp\/v2\/media\/13097"}],"wp:attachment":[{"href":"http:\/\/www.canelaenfoco.com.br\/canela\/wp-json\/wp\/v2\/media?parent=13096"}],"wp:term":[{"taxonomy":"category","embeddable":true,"href":"http:\/\/www.canelaenfoco.com.br\/canela\/wp-json\/wp\/v2\/categories?post=13096"},{"taxonomy":"post_tag","embeddable":true,"href":"http:\/\/www.canelaenfoco.com.br\/canela\/wp-json\/wp\/v2\/tags?post=13096"}],"curies":[{"name":"wp","href":"https:\/\/api.w.org\/{rel}","templated":true}]}}