{"id":13093,"date":"2026-08-07T10:54:15","date_gmt":"2026-08-07T13:54:15","guid":{"rendered":"https:\/\/www.canelaenfoco.com.br\/canela\/?p=13093"},"modified":"2026-08-07T11:05:32","modified_gmt":"2026-08-07T14:05:32","slug":"confirmada-programacao-da-semana-da-patria-em-canela","status":"publish","type":"post","link":"http:\/\/www.canelaenfoco.com.br\/canela\/2026\/08\/07\/confirmada-programacao-da-semana-da-patria-em-canela\/","title":{"rendered":"CONFIRMADA PROGRAMA\u00c7\u00c3O DA SEMANA DA P\u00c1TRIA EM CANELA"},"content":{"rendered":"<p>Canela realizar\u00e1 a tradicional programa\u00e7\u00e3o da Semana da P\u00e1tria 2026. As atividades c\u00edvicas ter\u00e3o in\u00edcio no dia 17 de agosto, com a chegada do Fogo Simb\u00f3lico da P\u00e1tria, que ser\u00e1 entregue pela Liga da Defesa Nacional \u00e0s 16h25.<\/p>\n<p>Neste ano, o Tema Nacional \u00e9 &#8220;Os Sete Povos das Miss\u00f5es&#8221;, enquanto o Tema Regional presta homenagem \u00e0 Pol\u00edcia Civil, em reconhecimento \u00e0 sua contribui\u00e7\u00e3o para a hist\u00f3ria e para a sociedade ga\u00facha.<\/p>\n<p>A chegada do Fogo Simb\u00f3lico marca o in\u00edcio das comemora\u00e7\u00f5es da Semana da P\u00e1tria em Canela. A programa\u00e7\u00e3o oficial ocorrer\u00e1 de 1\u00ba a 4 de setembro, com cerim\u00f4nias di\u00e1rias de hasteamento e arriamento das bandeiras em frente \u00e0 Prefeitura Municipal.<\/p>\n<p>A solenidade de abertura est\u00e1 marcada para o dia 1\u00ba de setembro, \u00e0s 9 horas, no Largo da Prefeitura Municipal. J\u00e1 o Desfile C\u00edvico de 7 de Setembro acontecer\u00e1 a partir das 14 horas, na Rua Felisberto Soares e na Avenida Osvaldo Aranha.<\/p>\n","protected":false},"excerpt":{"rendered":"<p>Canela realizar\u00e1 a tradicional programa\u00e7\u00e3o da Semana da P\u00e1tria 2026. As atividades c\u00edvicas ter\u00e3o in\u00edcio no dia 17 de agosto, com a chegada do Fogo Simb\u00f3lico da P\u00e1tria, que ser\u00e1 entregue pela Liga da Defesa Nacional \u00e0s 16h25. Neste ano, o Tema Nacional \u00e9 &#8220;Os Sete Povos das Miss\u00f5es&#8221;, enquanto o Tema Regional presta homenagem [&hellip;]<\/p>\n","protected":false},"author":2,"featured_media":13094,"comment_status":"open","ping_status":"open","sticky":false,"template":"","format":"standard","meta":{"jetpack_post_was_ever_published":false,"_jetpack_newsletter_access":"","_jetpack_dont_email_post_to_subs":false,"_jetpack_newsletter_tier_id":0,"_jetpack_memberships_contains_paywalled_content":false,"_jetpack_memberships_contains_paid_content":false,"footnotes":"","jetpack_publicize_message":"","jetpack_publicize_feature_enabled":true,"jetpack_social_post_already_shared":true,"jetpack_social_options":{"image_generator_settings":{"template":"highway","enabled":false},"version":2}},"categories":[62,302],"tags":[],"class_list":["post-13093","post","type-post","status-publish","format-standard","has-post-thumbnail","hentry","category-cultura","category-ultimas-noticias"],"jetpack_publicize_connections":[],"jetpack_featured_media_url":"https:\/\/i0.wp.com\/www.canelaenfoco.com.br\/canela\/wp-content\/uploads\/2026\/08\/Cerimonia-de-Hasteamento-das-bandeiras-scaled.jpg?fit=2560%2C1707","blog_post_layout_featured_media_urls":{"thumbnail":["https:\/\/i0.wp.com\/www.canelaenfoco.com.br\/canela\/wp-content\/uploads\/2026\/08\/Cerimonia-de-Hasteamento-das-bandeiras-scaled.jpg?resize=150%2C150",150,150,true],"full":["https:\/\/i0.wp.com\/www.canelaenfoco.com.br\/canela\/wp-content\/uploads\/2026\/08\/Cerimonia-de-Hasteamento-das-bandeiras-scaled.jpg?fit=2560%2C1707",2560,1707,false]},"categories_names":{"62":{"name":"CULTURA","link":"http:\/\/www.canelaenfoco.com.br\/canela\/category\/cultura\/"},"302":{"name":"\u00daLTIMAS NOTICIAS","link":"http:\/\/www.canelaenfoco.com.br\/canela\/category\/ultimas-noticias\/"}},"tags_names":[],"comments_number":"0","wpmagazine_modules_lite_featured_media_urls":{"thumbnail":["https:\/\/i0.wp.com\/www.canelaenfoco.com.br\/canela\/wp-content\/uploads\/2026\/08\/Cerimonia-de-Hasteamento-das-bandeiras-scaled.jpg?resize=150%2C150",150,150,true],"cvmm-medium":["https:\/\/i0.wp.com\/www.canelaenfoco.com.br\/canela\/wp-content\/uploads\/2026\/08\/Cerimonia-de-Hasteamento-das-bandeiras-scaled.jpg?resize=300%2C300",300,300,true],"cvmm-medium-plus":["https:\/\/i0.wp.com\/www.canelaenfoco.com.br\/canela\/wp-content\/uploads\/2026\/08\/Cerimonia-de-Hasteamento-das-bandeiras-scaled.jpg?resize=305%2C207",305,207,true],"cvmm-portrait":["https:\/\/i0.wp.com\/www.canelaenfoco.com.br\/canela\/wp-content\/uploads\/2026\/08\/Cerimonia-de-Hasteamento-das-bandeiras-scaled.jpg?resize=400%2C600",400,600,true],"cvmm-medium-square":["https:\/\/i0.wp.com\/www.canelaenfoco.com.br\/canela\/wp-content\/uploads\/2026\/08\/Cerimonia-de-Hasteamento-das-bandeiras-scaled.jpg?resize=600%2C600",600,600,true],"cvmm-large":["https:\/\/i0.wp.com\/www.canelaenfoco.com.br\/canela\/wp-content\/uploads\/2026\/08\/Cerimonia-de-Hasteamento-das-bandeiras-scaled.jpg?resize=1024%2C1024",1024,1024,true],"cvmm-small":["https:\/\/i0.wp.com\/www.canelaenfoco.com.br\/canela\/wp-content\/uploads\/2026\/08\/Cerimonia-de-Hasteamento-das-bandeiras-scaled.jpg?resize=130%2C95",130,95,true],"full":["https:\/\/i0.wp.com\/www.canelaenfoco.com.br\/canela\/wp-content\/uploads\/2026\/08\/Cerimonia-de-Hasteamento-das-bandeiras-scaled.jpg?fit=2560%2C1707",2560,1707,false]},"jetpack_shortlink":"https:\/\/wp.me\/p77jMX-3pb","jetpack-related-posts":[],"jetpack_sharing_enabled":true,"_links":{"self":[{"href":"http:\/\/www.canelaenfoco.com.br\/canela\/wp-json\/wp\/v2\/posts\/13093","targetHints":{"allow":["GET"]}}],"collection":[{"href":"http:\/\/www.canelaenfoco.com.br\/canela\/wp-json\/wp\/v2\/posts"}],"about":[{"href":"http:\/\/www.canelaenfoco.com.br\/canela\/wp-json\/wp\/v2\/types\/post"}],"author":[{"embeddable":true,"href":"http:\/\/www.canelaenfoco.com.br\/canela\/wp-json\/wp\/v2\/users\/2"}],"replies":[{"embeddable":true,"href":"http:\/\/www.canelaenfoco.com.br\/canela\/wp-json\/wp\/v2\/comments?post=13093"}],"version-history":[{"count":1,"href":"http:\/\/www.canelaenfoco.com.br\/canela\/wp-json\/wp\/v2\/posts\/13093\/revisions"}],"predecessor-version":[{"id":13095,"href":"http:\/\/www.canelaenfoco.com.br\/canela\/wp-json\/wp\/v2\/posts\/13093\/revisions\/13095"}],"wp:featuredmedia":[{"embeddable":true,"href":"http:\/\/www.canelaenfoco.com.br\/canela\/wp-json\/wp\/v2\/media\/13094"}],"wp:attachment":[{"href":"http:\/\/www.canelaenfoco.com.br\/canela\/wp-json\/wp\/v2\/media?parent=13093"}],"wp:term":[{"taxonomy":"category","embeddable":true,"href":"http:\/\/www.canelaenfoco.com.br\/canela\/wp-json\/wp\/v2\/categories?post=13093"},{"taxonomy":"post_tag","embeddable":true,"href":"http:\/\/www.canelaenfoco.com.br\/canela\/wp-json\/wp\/v2\/tags?post=13093"}],"curies":[{"name":"wp","href":"https:\/\/api.w.org\/{rel}","templated":true}]}}