{"id":13090,"date":"2026-08-07T10:46:56","date_gmt":"2026-08-07T13:46:56","guid":{"rendered":"https:\/\/www.canelaenfoco.com.br\/canela\/?p=13090"},"modified":"2026-08-07T11:05:00","modified_gmt":"2026-08-07T14:05:00","slug":"temporada-de-inverno-tera-programacao-cultural","status":"publish","type":"post","link":"http:\/\/www.canelaenfoco.com.br\/canela\/2026\/08\/07\/temporada-de-inverno-tera-programacao-cultural\/","title":{"rendered":"TEMPORADA DE INVERNO TER\u00c1 PROGRAMA\u00c7\u00c3O CULTURAL"},"content":{"rendered":"<div><b><span style=\"font-size: large;\"><br \/>\n<\/span><\/b><br \/>\nA Temporada de Inverno de Canela, al\u00e9m da decora\u00e7\u00e3o iluminada e l\u00fadica que j\u00e1 est\u00e1 encantando moradores e visitantes, tamb\u00e9m ter\u00e1 uma programa\u00e7\u00e3o musical, pensada pela Secretaria Municipal de Turismo e Cultura para agradar aos mais variados p\u00fablicos e trazer uma atmosfera mais intimista para a Pra\u00e7a Jo\u00e3o Corr\u00eaa, onde as apresenta\u00e7\u00f5es v\u00e3o acontecer, tendo o Centro de Aten\u00e7\u00e3o ao Turista e a Feira de Artesanato como pano de fundo. Os shows est\u00e3o programados para o per\u00edodo da tarde, a partir de 15 de agosto, e se estendem at\u00e9 o dia 23.<br \/>\nPara a temporada de 2026, a equipe de Turismo buscou contemplar os mais diferentes ritmos musicais e valorizar artistas locais. Por isso, grupos como Jazz Cinnamon e Big Hits est\u00e3o na lista das atra\u00e7\u00f5es do evento em Canela. Outros nomes, como Jardel Ramos e Banda Teu Jeitinho, Madame Red, Banda Hally, HS BB, a dupla Rui e Mateus e Percuss\u00e3o do Samba completam o time.<br \/>\nO secret\u00e1rio de Turismo, Athos Cunha, destaca que a Temporada de Inverno de Canela tem sido um dos eventos mais procurados pelos turistas e tamb\u00e9m pelos canelenses, que refor\u00e7am o p\u00fablico que prestigia as atividades culturais no munic\u00edpio. \u201cNeste ano, pensamos em um evento separado da Festa Colonial para aproveitar o fluxo intenso de visitantes neste per\u00edodo. Assim, conseguimos ampliar o calend\u00e1rio tur\u00edstico, mantendo Canela atrativa por mais tempo e distribuindo melhor as atividades ao longo da esta\u00e7\u00e3o\u201d, esclarece.<br \/>\nOs hor\u00e1rios e os dias dos shows na Pra\u00e7a, al\u00e9m da estrutura mais intimista que ser\u00e1 instalada, s\u00e3o mais um diferencial do evento neste ano. Costumeiramente, as apresenta\u00e7\u00f5es aconteciam \u00e0 noite, mas a Secretaria de Turismo trabalha para que a comunidade possa aproveitar mais as atra\u00e7\u00f5es e, por isso, decidiu antecipar as performances para a tarde, explica o diretor de Eventos da Secretaria, Joe Cardoso. \u201cEntre 15h e 16h30, as fam\u00edlias, os idosos e as crian\u00e7as conseguem curtir as apresenta\u00e7\u00f5es com mais conforto e seguran\u00e7a. Al\u00e9m disso, com os shows acontecendo mais pr\u00f3ximos ao p\u00fablico, o evento fica mais acess\u00edvel, sem perder em qualidade\u201d, afirma.<b>Decora\u00e7\u00e3o da Temporada de Inverno segue at\u00e9 setembro<\/b><br \/>\nO evento segue at\u00e9 o dia 6 de setembro, com as ruas centrais da cidade, o p\u00f3rtico de entrada e a r\u00f3tula da Estrada do Caracol decorados com a tem\u00e1tica deste ano \u2014 ilumina\u00e7\u00e3o em tons de azul e branco, ursos gigantes, flores e flocos de neve. \u201cQueremos despertar o sentimento de aconchego e de encantamento nas pessoas que chegam e nas que escolheram o munic\u00edpio para morar. Para isso, apostamos em um espet\u00e1culo luminoso e em elementos l\u00fadicos que trazem lembran\u00e7as ao p\u00fablico, tudo isso somado a uma programa\u00e7\u00e3o musical mais intimista e pr\u00f3xima das pessoas\u201d, ressalta o secret\u00e1rio adjunto de Turismo, Jaison Remonti.<b>Confira a programa\u00e7\u00e3o de shows<\/b><b>15\/08 (s\u00e1bado)<\/b><br \/>\n15h \u2013 Jazz Cinnamon *Banda de Jazz<br \/>\n16h30 \u2013 Jardel Ramos e Banda Teu Jeitinho *Sertanejo<\/p>\n<p><b>16\/08 (domingo)<\/b><br \/>\n15h \u2013 Big Hits *Rock<br \/>\n16h30 \u2013 Percuss\u00e3o do Samba *Samba<\/p>\n<p><b>22\/08 (s\u00e1bado)<\/b><br \/>\n15h \u2013 Madame Red \u2013 Divas Session *Cl\u00e1ssicos em vozes femininas<br \/>\n16h30 \u2013 Dupla Rui e Mateus *Sertanejo<\/p>\n<p><b>23\/08 (domingo)<\/b><br \/>\n15h \u2013 Banda Hally *Pagode<br \/>\n16h30 \u2013 HS BB *Sertanejo<\/p>\n<\/div>\n<p>Foto: Andr\u00e9 Fernandes\/Prefeitura de Canela<\/p>\n<div style=\"text-align: left;\"><\/div>\n","protected":false},"excerpt":{"rendered":"<p>A Temporada de Inverno de Canela, al\u00e9m da decora\u00e7\u00e3o iluminada e l\u00fadica que j\u00e1 est\u00e1 encantando moradores e visitantes, tamb\u00e9m ter\u00e1 uma programa\u00e7\u00e3o musical, pensada pela Secretaria Municipal de Turismo e Cultura para agradar aos mais variados p\u00fablicos e trazer uma atmosfera mais intimista para a Pra\u00e7a Jo\u00e3o Corr\u00eaa, onde as apresenta\u00e7\u00f5es v\u00e3o acontecer, tendo [&hellip;]<\/p>\n","protected":false},"author":2,"featured_media":13091,"comment_status":"open","ping_status":"open","sticky":false,"template":"","format":"standard","meta":{"jetpack_post_was_ever_published":false,"_jetpack_newsletter_access":"","_jetpack_dont_email_post_to_subs":false,"_jetpack_newsletter_tier_id":0,"_jetpack_memberships_contains_paywalled_content":false,"_jetpack_memberships_contains_paid_content":false,"footnotes":"","jetpack_publicize_message":"","jetpack_publicize_feature_enabled":true,"jetpack_social_post_already_shared":true,"jetpack_social_options":{"image_generator_settings":{"template":"highway","enabled":false},"version":2}},"categories":[878,69,302],"tags":[],"class_list":["post-13090","post","type-post","status-publish","format-standard","has-post-thumbnail","hentry","category-business","category-turismo","category-ultimas-noticias"],"jetpack_publicize_connections":[],"jetpack_featured_media_url":"https:\/\/i0.wp.com\/www.canelaenfoco.com.br\/canela\/wp-content\/uploads\/2026\/08\/Temporada-de-Inverno-tera-shows-e-decoracao-fica-ate-setembro-Andre-Fernandes.jpeg?fit=1600%2C1066","blog_post_layout_featured_media_urls":{"thumbnail":["https:\/\/i0.wp.com\/www.canelaenfoco.com.br\/canela\/wp-content\/uploads\/2026\/08\/Temporada-de-Inverno-tera-shows-e-decoracao-fica-ate-setembro-Andre-Fernandes.jpeg?resize=150%2C150",150,150,true],"full":["https:\/\/i0.wp.com\/www.canelaenfoco.com.br\/canela\/wp-content\/uploads\/2026\/08\/Temporada-de-Inverno-tera-shows-e-decoracao-fica-ate-setembro-Andre-Fernandes.jpeg?fit=1600%2C1066",1600,1066,false]},"categories_names":{"878":{"name":"Business","link":"http:\/\/www.canelaenfoco.com.br\/canela\/category\/business\/"},"69":{"name":"TURISMO","link":"http:\/\/www.canelaenfoco.com.br\/canela\/category\/turismo\/"},"302":{"name":"\u00daLTIMAS NOTICIAS","link":"http:\/\/www.canelaenfoco.com.br\/canela\/category\/ultimas-noticias\/"}},"tags_names":[],"comments_number":"0","wpmagazine_modules_lite_featured_media_urls":{"thumbnail":["https:\/\/i0.wp.com\/www.canelaenfoco.com.br\/canela\/wp-content\/uploads\/2026\/08\/Temporada-de-Inverno-tera-shows-e-decoracao-fica-ate-setembro-Andre-Fernandes.jpeg?resize=150%2C150",150,150,true],"cvmm-medium":["https:\/\/i0.wp.com\/www.canelaenfoco.com.br\/canela\/wp-content\/uploads\/2026\/08\/Temporada-de-Inverno-tera-shows-e-decoracao-fica-ate-setembro-Andre-Fernandes.jpeg?resize=300%2C300",300,300,true],"cvmm-medium-plus":["https:\/\/i0.wp.com\/www.canelaenfoco.com.br\/canela\/wp-content\/uploads\/2026\/08\/Temporada-de-Inverno-tera-shows-e-decoracao-fica-ate-setembro-Andre-Fernandes.jpeg?resize=305%2C207",305,207,true],"cvmm-portrait":["https:\/\/i0.wp.com\/www.canelaenfoco.com.br\/canela\/wp-content\/uploads\/2026\/08\/Temporada-de-Inverno-tera-shows-e-decoracao-fica-ate-setembro-Andre-Fernandes.jpeg?resize=400%2C600",400,600,true],"cvmm-medium-square":["https:\/\/i0.wp.com\/www.canelaenfoco.com.br\/canela\/wp-content\/uploads\/2026\/08\/Temporada-de-Inverno-tera-shows-e-decoracao-fica-ate-setembro-Andre-Fernandes.jpeg?resize=600%2C600",600,600,true],"cvmm-large":["https:\/\/i0.wp.com\/www.canelaenfoco.com.br\/canela\/wp-content\/uploads\/2026\/08\/Temporada-de-Inverno-tera-shows-e-decoracao-fica-ate-setembro-Andre-Fernandes.jpeg?resize=1024%2C1024",1024,1024,true],"cvmm-small":["https:\/\/i0.wp.com\/www.canelaenfoco.com.br\/canela\/wp-content\/uploads\/2026\/08\/Temporada-de-Inverno-tera-shows-e-decoracao-fica-ate-setembro-Andre-Fernandes.jpeg?resize=130%2C95",130,95,true],"full":["https:\/\/i0.wp.com\/www.canelaenfoco.com.br\/canela\/wp-content\/uploads\/2026\/08\/Temporada-de-Inverno-tera-shows-e-decoracao-fica-ate-setembro-Andre-Fernandes.jpeg?fit=1600%2C1066",1600,1066,false]},"jetpack_shortlink":"https:\/\/wp.me\/p77jMX-3p8","jetpack-related-posts":[],"jetpack_sharing_enabled":true,"_links":{"self":[{"href":"http:\/\/www.canelaenfoco.com.br\/canela\/wp-json\/wp\/v2\/posts\/13090","targetHints":{"allow":["GET"]}}],"collection":[{"href":"http:\/\/www.canelaenfoco.com.br\/canela\/wp-json\/wp\/v2\/posts"}],"about":[{"href":"http:\/\/www.canelaenfoco.com.br\/canela\/wp-json\/wp\/v2\/types\/post"}],"author":[{"embeddable":true,"href":"http:\/\/www.canelaenfoco.com.br\/canela\/wp-json\/wp\/v2\/users\/2"}],"replies":[{"embeddable":true,"href":"http:\/\/www.canelaenfoco.com.br\/canela\/wp-json\/wp\/v2\/comments?post=13090"}],"version-history":[{"count":3,"href":"http:\/\/www.canelaenfoco.com.br\/canela\/wp-json\/wp\/v2\/posts\/13090\/revisions"}],"predecessor-version":[{"id":13101,"href":"http:\/\/www.canelaenfoco.com.br\/canela\/wp-json\/wp\/v2\/posts\/13090\/revisions\/13101"}],"wp:featuredmedia":[{"embeddable":true,"href":"http:\/\/www.canelaenfoco.com.br\/canela\/wp-json\/wp\/v2\/media\/13091"}],"wp:attachment":[{"href":"http:\/\/www.canelaenfoco.com.br\/canela\/wp-json\/wp\/v2\/media?parent=13090"}],"wp:term":[{"taxonomy":"category","embeddable":true,"href":"http:\/\/www.canelaenfoco.com.br\/canela\/wp-json\/wp\/v2\/categories?post=13090"},{"taxonomy":"post_tag","embeddable":true,"href":"http:\/\/www.canelaenfoco.com.br\/canela\/wp-json\/wp\/v2\/tags?post=13090"}],"curies":[{"name":"wp","href":"https:\/\/api.w.org\/{rel}","templated":true}]}}