{"id":13085,"date":"2026-07-30T16:46:00","date_gmt":"2026-07-30T19:46:00","guid":{"rendered":"https:\/\/www.canelaenfoco.com.br\/canela\/?p=13085"},"modified":"2026-07-30T16:46:00","modified_gmt":"2026-07-30T19:46:00","slug":"canela-contara-com-marco-legal-da-inovacao-da-inovacao","status":"publish","type":"post","link":"http:\/\/www.canelaenfoco.com.br\/canela\/2026\/07\/30\/canela-contara-com-marco-legal-da-inovacao-da-inovacao\/","title":{"rendered":"CANELA CONTAR\u00c1 COM MARCO LEGAL DA INOVA\u00c7\u00c3O DA INOVA\u00c7\u00c3O"},"content":{"rendered":"<p>&nbsp;<\/p>\n<p dir=\"ltr\">A Secretaria da Fazenda e Desenvolvimento Econ\u00f4mico de Canela come\u00e7ou recentemente a trabalhar na regulamenta\u00e7\u00e3o do Marco Legal da Inova\u00e7\u00e3o, com o objetivo de fortalecer o ecossistema de inova\u00e7\u00e3o do munic\u00edpio. Entre as primeiras iniciativas, foi realizado, no Centro Integrado de Desenvolvimento e Inova\u00e7\u00e3o de Canela (Cidica), no dia 16 de julho, um encontro de mobiliza\u00e7\u00e3o do ecossistema de Inova\u00e7\u00e3o, visando ampliar o engajamento dos atores locais e fortalecer a articula\u00e7\u00e3o entre governo, empresas, institui\u00e7\u00f5es de ensino e sociedade civil.<\/p>\n<p>&nbsp;<\/p>\n<p dir=\"ltr\">O secret\u00e1rio Luciano Melo explica que o Marco Legal da Inova\u00e7\u00e3o come\u00e7ou a ser constru\u00eddo em Canela por meio do programa Canela Cidade Empreendedora. Posteriormente, o Munic\u00edpio encaminhou \u00e0 C\u00e2mara de Vereadores um projeto de lei para instituir a Lei de Inova\u00e7\u00e3o, que resultou na Lei n\u00ba 4.825 (Pol\u00edtica P\u00fablica Municipal de Inova\u00e7\u00e3o), demonstrando que o munic\u00edpio n\u00e3o precisar\u00e1 iniciar do zero, e sim, dar continuidade.<\/p>\n<p>&nbsp;<\/p>\n<p dir=\"ltr\">\u201cAgora, o pr\u00f3ximo passo, ser\u00e1 a nova composi\u00e7\u00e3o e adequa\u00e7\u00f5es do Conselho Municipal de Desenvolvimento, Tecnologia e Inova\u00e7\u00e3o (Comdeti), com planejamento de a\u00e7\u00f5es para fortalecimento da governan\u00e7a do ecossistema local\u201d, esclarece Luciano.<\/p>\n<p>&nbsp;<\/p>\n<p dir=\"ltr\">A partir da primeira reuni\u00e3o do Comdeti,\u00a0 ser\u00e1 constru\u00eddo um planejamento estrat\u00e9gico para os pr\u00f3ximos dois anos, contemplando objetivos do Marco Legal da Inova\u00e7\u00e3o, como a atra\u00e7\u00e3o de empresas de tecnologia, a institui\u00e7\u00e3o de incentivos fiscais, a implanta\u00e7\u00e3o de um ambiente sandbox regulat\u00f3rio, entre outras a\u00e7\u00f5es.<\/p>\n<p>&nbsp;<\/p>\n<blockquote>\n<p dir=\"ltr\">A iniciativa tamb\u00e9m se respalda na Lei n\u00ba 3.934\/2017 (Programa Canela do Futuro, sobre incentivos fiscais \u00e0 inova\u00e7\u00e3o) e na Lei n\u00ba 4.439\/2020, que instituiu o Conselho e o Fundo Municipal de Desenvolvimento Tecnol\u00f3gico e Inova\u00e7\u00e3o (FMDTI).<\/p>\n<\/blockquote>\n","protected":false},"excerpt":{"rendered":"<p>&nbsp; A Secretaria da Fazenda e Desenvolvimento Econ\u00f4mico de Canela come\u00e7ou recentemente a trabalhar na regulamenta\u00e7\u00e3o do Marco Legal da Inova\u00e7\u00e3o, com o objetivo de fortalecer o ecossistema de inova\u00e7\u00e3o do munic\u00edpio. Entre as primeiras iniciativas, foi realizado, no Centro Integrado de Desenvolvimento e Inova\u00e7\u00e3o de Canela (Cidica), no dia 16 de julho, um encontro [&hellip;]<\/p>\n","protected":false},"author":2,"featured_media":13086,"comment_status":"open","ping_status":"open","sticky":false,"template":"","format":"standard","meta":{"jetpack_post_was_ever_published":false,"_jetpack_newsletter_access":"","_jetpack_dont_email_post_to_subs":false,"_jetpack_newsletter_tier_id":0,"_jetpack_memberships_contains_paywalled_content":false,"_jetpack_memberships_contains_paid_content":false,"footnotes":"","jetpack_publicize_message":"","jetpack_publicize_feature_enabled":true,"jetpack_social_post_already_shared":true,"jetpack_social_options":{"image_generator_settings":{"template":"highway","enabled":false},"version":2}},"categories":[63,302],"tags":[],"class_list":["post-13085","post","type-post","status-publish","format-standard","has-post-thumbnail","hentry","category-destaque","category-ultimas-noticias"],"jetpack_publicize_connections":[],"jetpack_featured_media_url":"https:\/\/i0.wp.com\/www.canelaenfoco.com.br\/canela\/wp-content\/uploads\/2026\/07\/Encontro-no-Cidica-para-esclarecimentos-sobre-o-processo-de-regulamentacao-da-Lei-da-Inovacao-de-Canela.jpeg?fit=1200%2C1600","blog_post_layout_featured_media_urls":{"thumbnail":["https:\/\/i0.wp.com\/www.canelaenfoco.com.br\/canela\/wp-content\/uploads\/2026\/07\/Encontro-no-Cidica-para-esclarecimentos-sobre-o-processo-de-regulamentacao-da-Lei-da-Inovacao-de-Canela.jpeg?resize=150%2C150",150,150,true],"full":["https:\/\/i0.wp.com\/www.canelaenfoco.com.br\/canela\/wp-content\/uploads\/2026\/07\/Encontro-no-Cidica-para-esclarecimentos-sobre-o-processo-de-regulamentacao-da-Lei-da-Inovacao-de-Canela.jpeg?fit=1200%2C1600",1200,1600,false]},"categories_names":{"63":{"name":"DESTAQUE","link":"http:\/\/www.canelaenfoco.com.br\/canela\/category\/destaque\/"},"302":{"name":"\u00daLTIMAS NOTICIAS","link":"http:\/\/www.canelaenfoco.com.br\/canela\/category\/ultimas-noticias\/"}},"tags_names":[],"comments_number":"0","wpmagazine_modules_lite_featured_media_urls":{"thumbnail":["https:\/\/i0.wp.com\/www.canelaenfoco.com.br\/canela\/wp-content\/uploads\/2026\/07\/Encontro-no-Cidica-para-esclarecimentos-sobre-o-processo-de-regulamentacao-da-Lei-da-Inovacao-de-Canela.jpeg?resize=150%2C150",150,150,true],"cvmm-medium":["https:\/\/i0.wp.com\/www.canelaenfoco.com.br\/canela\/wp-content\/uploads\/2026\/07\/Encontro-no-Cidica-para-esclarecimentos-sobre-o-processo-de-regulamentacao-da-Lei-da-Inovacao-de-Canela.jpeg?resize=300%2C300",300,300,true],"cvmm-medium-plus":["https:\/\/i0.wp.com\/www.canelaenfoco.com.br\/canela\/wp-content\/uploads\/2026\/07\/Encontro-no-Cidica-para-esclarecimentos-sobre-o-processo-de-regulamentacao-da-Lei-da-Inovacao-de-Canela.jpeg?resize=305%2C207",305,207,true],"cvmm-portrait":["https:\/\/i0.wp.com\/www.canelaenfoco.com.br\/canela\/wp-content\/uploads\/2026\/07\/Encontro-no-Cidica-para-esclarecimentos-sobre-o-processo-de-regulamentacao-da-Lei-da-Inovacao-de-Canela.jpeg?resize=400%2C600",400,600,true],"cvmm-medium-square":["https:\/\/i0.wp.com\/www.canelaenfoco.com.br\/canela\/wp-content\/uploads\/2026\/07\/Encontro-no-Cidica-para-esclarecimentos-sobre-o-processo-de-regulamentacao-da-Lei-da-Inovacao-de-Canela.jpeg?resize=600%2C600",600,600,true],"cvmm-large":["https:\/\/i0.wp.com\/www.canelaenfoco.com.br\/canela\/wp-content\/uploads\/2026\/07\/Encontro-no-Cidica-para-esclarecimentos-sobre-o-processo-de-regulamentacao-da-Lei-da-Inovacao-de-Canela.jpeg?resize=1024%2C1024",1024,1024,true],"cvmm-small":["https:\/\/i0.wp.com\/www.canelaenfoco.com.br\/canela\/wp-content\/uploads\/2026\/07\/Encontro-no-Cidica-para-esclarecimentos-sobre-o-processo-de-regulamentacao-da-Lei-da-Inovacao-de-Canela.jpeg?resize=130%2C95",130,95,true],"full":["https:\/\/i0.wp.com\/www.canelaenfoco.com.br\/canela\/wp-content\/uploads\/2026\/07\/Encontro-no-Cidica-para-esclarecimentos-sobre-o-processo-de-regulamentacao-da-Lei-da-Inovacao-de-Canela.jpeg?fit=1200%2C1600",1200,1600,false]},"jetpack_shortlink":"https:\/\/wp.me\/p77jMX-3p3","jetpack-related-posts":[],"jetpack_sharing_enabled":true,"_links":{"self":[{"href":"http:\/\/www.canelaenfoco.com.br\/canela\/wp-json\/wp\/v2\/posts\/13085","targetHints":{"allow":["GET"]}}],"collection":[{"href":"http:\/\/www.canelaenfoco.com.br\/canela\/wp-json\/wp\/v2\/posts"}],"about":[{"href":"http:\/\/www.canelaenfoco.com.br\/canela\/wp-json\/wp\/v2\/types\/post"}],"author":[{"embeddable":true,"href":"http:\/\/www.canelaenfoco.com.br\/canela\/wp-json\/wp\/v2\/users\/2"}],"replies":[{"embeddable":true,"href":"http:\/\/www.canelaenfoco.com.br\/canela\/wp-json\/wp\/v2\/comments?post=13085"}],"version-history":[{"count":1,"href":"http:\/\/www.canelaenfoco.com.br\/canela\/wp-json\/wp\/v2\/posts\/13085\/revisions"}],"predecessor-version":[{"id":13087,"href":"http:\/\/www.canelaenfoco.com.br\/canela\/wp-json\/wp\/v2\/posts\/13085\/revisions\/13087"}],"wp:featuredmedia":[{"embeddable":true,"href":"http:\/\/www.canelaenfoco.com.br\/canela\/wp-json\/wp\/v2\/media\/13086"}],"wp:attachment":[{"href":"http:\/\/www.canelaenfoco.com.br\/canela\/wp-json\/wp\/v2\/media?parent=13085"}],"wp:term":[{"taxonomy":"category","embeddable":true,"href":"http:\/\/www.canelaenfoco.com.br\/canela\/wp-json\/wp\/v2\/categories?post=13085"},{"taxonomy":"post_tag","embeddable":true,"href":"http:\/\/www.canelaenfoco.com.br\/canela\/wp-json\/wp\/v2\/tags?post=13085"}],"curies":[{"name":"wp","href":"https:\/\/api.w.org\/{rel}","templated":true}]}}