{"id":13077,"date":"2026-07-30T16:35:44","date_gmt":"2026-07-30T19:35:44","guid":{"rendered":"https:\/\/www.canelaenfoco.com.br\/canela\/?p=13077"},"modified":"2026-07-30T16:37:44","modified_gmt":"2026-07-30T19:37:44","slug":"cempra-promove-feira-de-adocao-na-festa-colonial","status":"publish","type":"post","link":"http:\/\/www.canelaenfoco.com.br\/canela\/2026\/07\/30\/cempra-promove-feira-de-adocao-na-festa-colonial\/","title":{"rendered":"CEMPRA PROMOVE FEIRA DE ADO\u00c7\u00c3O NA FESTA COLONIAL"},"content":{"rendered":"<p style=\"text-align: left;\">\n<p>O Centro de Prote\u00e7\u00e3o Animal de Canela (Cempra), promove de sexta-feira, dia 31 de julho, at\u00e9 domingo, 2 de agosto, uma nova edi\u00e7\u00e3o da feira de ado\u00e7\u00e3o com os c\u00e3es e gatos abrigados pela Prefeitura. A a\u00e7\u00e3o acontece na Pra\u00e7a Jo\u00e3o Corr\u00eaa, das 14h \u00e0s 17h, junto \u00e0 programa\u00e7\u00e3o da da 32\u00aa Festa Colonial, para aproveitar a visibilidade do evento.<\/p>\n<p>Al\u00e9m da exposi\u00e7\u00e3o dos animais dispon\u00edveis para ado\u00e7\u00e3o, a comunidade tamb\u00e9m poder\u00e1 aproveitar a presen\u00e7a do Cempra na festa para entregar doa\u00e7\u00f5es para a Campanha do Agasalho Pet, que est\u00e1 em andamento at\u00e9 o final de setembro. S\u00e3o aceitas roupinhas, mantas, cobertores, guias e brinquedos para os animais que est\u00e3o no Abrigo Municipal.<\/p>\n<p>Na feira de ado\u00e7\u00e3o realizada no \u00faltimo final de semana, oito cachorros encontraram um novo lar. A coordenadora do Centro de Prote\u00e7\u00e3o, Ione Couto, espera que a a\u00e7\u00e3o prolongada possa facilitar o contato entre o p\u00fablico e os c\u00e3es que ir\u00e3o participar.<\/p>\n<p><b>Confira como conhecer os animais dispon\u00edveis para ado\u00e7\u00e3o:<\/b><\/p>\n<p>-Visite o Abrigo Municipal, no Banhado Grande, no \u00faltimo s\u00e1bado de cada m\u00eas, pela manh\u00e3 (localiza\u00e7\u00e3o aqui);<\/p>\n<p>-Compare\u00e7a \u00e0 feira de ado\u00e7\u00e3o que ocorre em frente \u00e0 Prefeitura de Canela na \u00faltima sexta-feira do m\u00eas, \u00e0 tarde &#8211; exceto nesta sexta-feira (31\/7), em raz\u00e3o da feira durante a Festa Colonial;<\/p>\n<p>-Entre em contato pelo telefone (54) 3282-5148 ou pelo WhatsApp (54) 9 9903-3293, de segunda a sexta-feira, das 8h \u00e0s 11h30 e das 13h \u00e0s 16h, e agende uma visita ao Cempra.<\/p>\n","protected":false},"excerpt":{"rendered":"<p>O Centro de Prote\u00e7\u00e3o Animal de Canela (Cempra), promove de sexta-feira, dia 31 de julho, at\u00e9 domingo, 2 de agosto, uma nova edi\u00e7\u00e3o da feira de ado\u00e7\u00e3o com os c\u00e3es e gatos abrigados pela Prefeitura. A a\u00e7\u00e3o acontece na Pra\u00e7a Jo\u00e3o Corr\u00eaa, das 14h \u00e0s 17h, junto \u00e0 programa\u00e7\u00e3o da da 32\u00aa Festa Colonial, para [&hellip;]<\/p>\n","protected":false},"author":2,"featured_media":13078,"comment_status":"open","ping_status":"open","sticky":false,"template":"","format":"standard","meta":{"jetpack_post_was_ever_published":false,"_jetpack_newsletter_access":"","_jetpack_dont_email_post_to_subs":false,"_jetpack_newsletter_tier_id":0,"_jetpack_memberships_contains_paywalled_content":false,"_jetpack_memberships_contains_paid_content":false,"footnotes":"","jetpack_publicize_message":"","jetpack_publicize_feature_enabled":true,"jetpack_social_post_already_shared":true,"jetpack_social_options":{"image_generator_settings":{"template":"highway","enabled":false},"version":2}},"categories":[878,63,69],"tags":[],"class_list":["post-13077","post","type-post","status-publish","format-standard","has-post-thumbnail","hentry","category-business","category-destaque","category-turismo"],"jetpack_publicize_connections":[],"jetpack_featured_media_url":"https:\/\/i0.wp.com\/www.canelaenfoco.com.br\/canela\/wp-content\/uploads\/2026\/07\/IMG-20260730-WA0023.jpg?fit=1280%2C1600","blog_post_layout_featured_media_urls":{"thumbnail":["https:\/\/i0.wp.com\/www.canelaenfoco.com.br\/canela\/wp-content\/uploads\/2026\/07\/IMG-20260730-WA0023.jpg?resize=150%2C150",150,150,true],"full":["https:\/\/i0.wp.com\/www.canelaenfoco.com.br\/canela\/wp-content\/uploads\/2026\/07\/IMG-20260730-WA0023.jpg?fit=1280%2C1600",1280,1600,false]},"categories_names":{"878":{"name":"Business","link":"http:\/\/www.canelaenfoco.com.br\/canela\/category\/business\/"},"63":{"name":"DESTAQUE","link":"http:\/\/www.canelaenfoco.com.br\/canela\/category\/destaque\/"},"69":{"name":"TURISMO","link":"http:\/\/www.canelaenfoco.com.br\/canela\/category\/turismo\/"}},"tags_names":[],"comments_number":"0","wpmagazine_modules_lite_featured_media_urls":{"thumbnail":["https:\/\/i0.wp.com\/www.canelaenfoco.com.br\/canela\/wp-content\/uploads\/2026\/07\/IMG-20260730-WA0023.jpg?resize=150%2C150",150,150,true],"cvmm-medium":["https:\/\/i0.wp.com\/www.canelaenfoco.com.br\/canela\/wp-content\/uploads\/2026\/07\/IMG-20260730-WA0023.jpg?resize=300%2C300",300,300,true],"cvmm-medium-plus":["https:\/\/i0.wp.com\/www.canelaenfoco.com.br\/canela\/wp-content\/uploads\/2026\/07\/IMG-20260730-WA0023.jpg?resize=305%2C207",305,207,true],"cvmm-portrait":["https:\/\/i0.wp.com\/www.canelaenfoco.com.br\/canela\/wp-content\/uploads\/2026\/07\/IMG-20260730-WA0023.jpg?resize=400%2C600",400,600,true],"cvmm-medium-square":["https:\/\/i0.wp.com\/www.canelaenfoco.com.br\/canela\/wp-content\/uploads\/2026\/07\/IMG-20260730-WA0023.jpg?resize=600%2C600",600,600,true],"cvmm-large":["https:\/\/i0.wp.com\/www.canelaenfoco.com.br\/canela\/wp-content\/uploads\/2026\/07\/IMG-20260730-WA0023.jpg?resize=1024%2C1024",1024,1024,true],"cvmm-small":["https:\/\/i0.wp.com\/www.canelaenfoco.com.br\/canela\/wp-content\/uploads\/2026\/07\/IMG-20260730-WA0023.jpg?resize=130%2C95",130,95,true],"full":["https:\/\/i0.wp.com\/www.canelaenfoco.com.br\/canela\/wp-content\/uploads\/2026\/07\/IMG-20260730-WA0023.jpg?fit=1280%2C1600",1280,1600,false]},"jetpack_shortlink":"https:\/\/wp.me\/p77jMX-3oV","jetpack-related-posts":[],"jetpack_sharing_enabled":true,"_links":{"self":[{"href":"http:\/\/www.canelaenfoco.com.br\/canela\/wp-json\/wp\/v2\/posts\/13077","targetHints":{"allow":["GET"]}}],"collection":[{"href":"http:\/\/www.canelaenfoco.com.br\/canela\/wp-json\/wp\/v2\/posts"}],"about":[{"href":"http:\/\/www.canelaenfoco.com.br\/canela\/wp-json\/wp\/v2\/types\/post"}],"author":[{"embeddable":true,"href":"http:\/\/www.canelaenfoco.com.br\/canela\/wp-json\/wp\/v2\/users\/2"}],"replies":[{"embeddable":true,"href":"http:\/\/www.canelaenfoco.com.br\/canela\/wp-json\/wp\/v2\/comments?post=13077"}],"version-history":[{"count":2,"href":"http:\/\/www.canelaenfoco.com.br\/canela\/wp-json\/wp\/v2\/posts\/13077\/revisions"}],"predecessor-version":[{"id":13080,"href":"http:\/\/www.canelaenfoco.com.br\/canela\/wp-json\/wp\/v2\/posts\/13077\/revisions\/13080"}],"wp:featuredmedia":[{"embeddable":true,"href":"http:\/\/www.canelaenfoco.com.br\/canela\/wp-json\/wp\/v2\/media\/13078"}],"wp:attachment":[{"href":"http:\/\/www.canelaenfoco.com.br\/canela\/wp-json\/wp\/v2\/media?parent=13077"}],"wp:term":[{"taxonomy":"category","embeddable":true,"href":"http:\/\/www.canelaenfoco.com.br\/canela\/wp-json\/wp\/v2\/categories?post=13077"},{"taxonomy":"post_tag","embeddable":true,"href":"http:\/\/www.canelaenfoco.com.br\/canela\/wp-json\/wp\/v2\/tags?post=13077"}],"curies":[{"name":"wp","href":"https:\/\/api.w.org\/{rel}","templated":true}]}}