{"id":13072,"date":"2026-07-30T15:09:12","date_gmt":"2026-07-30T18:09:12","guid":{"rendered":"https:\/\/www.canelaenfoco.com.br\/canela\/?p=13072"},"modified":"2026-07-30T15:10:34","modified_gmt":"2026-07-30T18:10:34","slug":"tche-garotos-tche-barbaridade-e-os-monarcas-sao-atracao-na-festa-colonial","status":"publish","type":"post","link":"http:\/\/www.canelaenfoco.com.br\/canela\/2026\/07\/30\/tche-garotos-tche-barbaridade-e-os-monarcas-sao-atracao-na-festa-colonial\/","title":{"rendered":"TCH\u00ca GAROTOS, TCH\u00ca BARBARIDADE E OS MONARCAS S\u00c3O ATRA\u00c7\u00c3O NA FESTA COLONIAL"},"content":{"rendered":"<div id=\"m#msg-f:1872143858821672597\" class=\"mail-message expanded\">\n<div id=\"m#msg-f:1872143858821672597-header\" class=\"mail-message-header spacer\"><\/div>\n<div id=\"m#msg-f:1872143858821672597-content\" class=\"mail-message-content collapsible zoom-normal mail-show-images \">\n<div class=\"clear\">\n<div dir=\"ltr\">\n<div>\n<p>A 32\u00aa Festa Colonial de Canela entra em seu \u00faltimo fim de semana com uma programa\u00e7\u00e3o repleta de atra\u00e7\u00f5es para todos os p\u00fablicos. Al\u00e9m da gastronomia t\u00edpica e das apresenta\u00e7\u00f5es de grupos germ\u00e2nicos e italianos, o Multipalco recebe grandes nomes da m\u00fasica ga\u00facha e do humor regional, como Paulinho Mixaria, Tch\u00ea Garotos, Tch\u00ea Barbaridade e Os Monarcas.<\/p>\n<p><b>Sexta-feira, 31 de julho<\/b><\/p>\n<p>A programa\u00e7\u00e3o da sexta-feira come\u00e7a \u00e0s 19h com o humorista *Paulinho Mixaria*, conhecido por seu estilo voltado para toda a fam\u00edlia, com apresenta\u00e7\u00f5es marcadas pelo humor simples e sem apelo a palavr\u00f5es.<\/p>\n<p>Na sequ\u00eancia, sobe ao palco o grupo *Tch\u00ea Garotos, um dos principais nomes da m\u00fasica ga\u00facha, com sucessos como *T\u00f4 Voltando Pra Ficar, Ajoelha e Chora, Menininha e Cachorro Perigoso.<\/p>\n<p><b>S\u00e1bado, 1\u00ba de agosto<\/b><\/p>\n<p>No s\u00e1bado, \u00e0s 17h30, a anima\u00e7\u00e3o fica por conta da banda t\u00edpica alem\u00e3 *Macega Show. J\u00e1 \u00e0s 20h, o p\u00fablico poder\u00e1 acompanhar o show do **Tch\u00ea Barbaridade, grupo tradicional do cen\u00e1rio musical ga\u00facho, conhecido por m\u00fasicas como *O Rio Grande Me Criou, Partindo, \u00c9 S\u00e1bado o Dia e Mo\u00e7a Fandangueira.<\/p>\n<p><b>Domingo, 2 de agosto<\/b><\/p>\n<p>O \u00faltimo dia da Festa Colonial inicia com a cerim\u00f4nia oficial de encerramento, \u00e0s 17h. Em seguida, ser\u00e1 apresentada mais uma sess\u00e3o do espet\u00e1culo *Retratos*, que resgata a hist\u00f3ria e as tradi\u00e7\u00f5es das fam\u00edlias do interior de Canela.<\/p>\n<p>Encerrando a 32\u00aa edi\u00e7\u00e3o da Festa Colonial, o grupo *Os Monarcas* sobe ao palco \u00e0s 19h levando ao p\u00fablico cl\u00e1ssicos da m\u00fasica tradicionalista ga\u00facha, como Cheiro de Galp\u00e3o, Brasil de Bombacha, Dona dos Meus Sonhos e De Ch\u00e3o Batido.<\/p>\n<p>A *32\u00aa Festa Colonial de Canela segue at\u00e9 2 de agosto, na Pra\u00e7a Jo\u00e3o Corr\u00eaa, com entrada gratuita. A programa\u00e7\u00e3o completa est\u00e1 dispon\u00edvel\u00a0<a href=\"https:\/\/canela.com.br\/eventos\/festa-colonial\/\" target=\"_blank\" rel=\"noopener noreferrer\" data-saferedirecturl=\"https:\/\/www.google.com\/url?q=https:\/\/canela.com.br\/eventos\/festa-colonial\/&amp;source=gmail&amp;ust=1785501922936000&amp;usg=AOvVaw0uLTRyKe5jUP9jfVCHHtnV\">aqui<\/a><\/p>\n<p><b>PATROCINADORES<\/b><\/p>\n<p>A 32\u00aa Festa Colonial \u00e9 uma realiza\u00e7\u00e3o do Minist\u00e9rio da Cultura, da Secretaria de Estado da Cultura, da Prefeitura de Canela, por meio da Secretaria de Turismo e Cultura, e do Sindicato dos Trabalhadores Rurais de Canela. O evento conta com a Lei Rouanet e tamb\u00e9m com o financiamento do Pr\u00f3-Cultura RS do Governo do Estado do Rio Grande do Sul.<\/p>\n<p>Tem patroc\u00ednio de: Havan, Farm\u00e1cias S\u00e3o Jo\u00e3o e Cervejaria Ambev Uniserra; apoio de Sicredi Pioneira, Sulg\u00e1s e Latic\u00ednios Lanzi; colabora\u00e7\u00e3o de Viking Cervejaria, Cervejaria Farol e Cresol; parceria da Casa do Panetone, Parque Bondinhos Canela e Churrascaria Garfo &amp; Bombacha. Apoio institucional da Fetag-RS, Emater\/RS-Ascar, Secretaria de Desenvolvimento Rural e Governo do Estado do Rio Grande do Sul; e agente cultural Art Urban Produ\u00e7\u00f5es.<\/p>\n<\/div>\n<div>\n<div class=\"gmail_signature\" dir=\"ltr\" data-smartmail=\"gmail_signature\">\n<div dir=\"ltr\"><a href=\"https:\/\/i0.wp.com\/www.canelaenfoco.com.br\/canela\/wp-content\/uploads\/2026\/07\/TCHE-GAROTOS-ALTA-37.jpg-scaled.jpeg\"><img data-recalc-dims=\"1\" fetchpriority=\"high\" decoding=\"async\" data-attachment-id=\"13073\" data-permalink=\"http:\/\/www.canelaenfoco.com.br\/canela\/2026\/07\/30\/tche-garotos-tche-barbaridade-e-os-monarcas-sao-atracao-na-festa-colonial\/tche-garotos-alta-37-jpg\/\" data-orig-file=\"https:\/\/i0.wp.com\/www.canelaenfoco.com.br\/canela\/wp-content\/uploads\/2026\/07\/TCHE-GAROTOS-ALTA-37.jpg-scaled.jpeg?fit=2560%2C1752\" data-orig-size=\"2560,1752\" data-comments-opened=\"1\" data-image-meta=\"{&quot;aperture&quot;:&quot;8&quot;,&quot;credit&quot;:&quot;&quot;,&quot;camera&quot;:&quot;X-T3&quot;,&quot;caption&quot;:&quot;&quot;,&quot;created_timestamp&quot;:&quot;1766098634&quot;,&quot;copyright&quot;:&quot;&quot;,&quot;focal_length&quot;:&quot;16&quot;,&quot;iso&quot;:&quot;500&quot;,&quot;shutter_speed&quot;:&quot;0.008&quot;,&quot;title&quot;:&quot;&quot;,&quot;orientation&quot;:&quot;0&quot;,&quot;alt&quot;:&quot;&quot;}\" data-image-title=\"TCHE GAROTOS ALTA-37.jpg\" data-image-description=\"\" data-image-caption=\"\" data-medium-file=\"https:\/\/i0.wp.com\/www.canelaenfoco.com.br\/canela\/wp-content\/uploads\/2026\/07\/TCHE-GAROTOS-ALTA-37.jpg-scaled.jpeg?fit=300%2C205\" data-large-file=\"https:\/\/i0.wp.com\/www.canelaenfoco.com.br\/canela\/wp-content\/uploads\/2026\/07\/TCHE-GAROTOS-ALTA-37.jpg-scaled.jpeg?fit=640%2C438\" class=\"alignnone size-medium wp-image-13073\" src=\"https:\/\/i0.wp.com\/www.canelaenfoco.com.br\/canela\/wp-content\/uploads\/2026\/07\/TCHE-GAROTOS-ALTA-37.jpg.jpeg?resize=300%2C205\" alt=\"\" width=\"300\" height=\"205\" srcset=\"https:\/\/i0.wp.com\/www.canelaenfoco.com.br\/canela\/wp-content\/uploads\/2026\/07\/TCHE-GAROTOS-ALTA-37.jpg-scaled.jpeg?resize=300%2C205 300w, https:\/\/i0.wp.com\/www.canelaenfoco.com.br\/canela\/wp-content\/uploads\/2026\/07\/TCHE-GAROTOS-ALTA-37.jpg-scaled.jpeg?resize=1024%2C701 1024w, https:\/\/i0.wp.com\/www.canelaenfoco.com.br\/canela\/wp-content\/uploads\/2026\/07\/TCHE-GAROTOS-ALTA-37.jpg-scaled.jpeg?resize=768%2C526 768w, https:\/\/i0.wp.com\/www.canelaenfoco.com.br\/canela\/wp-content\/uploads\/2026\/07\/TCHE-GAROTOS-ALTA-37.jpg-scaled.jpeg?resize=1536%2C1051 1536w, https:\/\/i0.wp.com\/www.canelaenfoco.com.br\/canela\/wp-content\/uploads\/2026\/07\/TCHE-GAROTOS-ALTA-37.jpg-scaled.jpeg?resize=2048%2C1402 2048w, https:\/\/i0.wp.com\/www.canelaenfoco.com.br\/canela\/wp-content\/uploads\/2026\/07\/TCHE-GAROTOS-ALTA-37.jpg-scaled.jpeg?resize=305%2C207 305w, https:\/\/i0.wp.com\/www.canelaenfoco.com.br\/canela\/wp-content\/uploads\/2026\/07\/TCHE-GAROTOS-ALTA-37.jpg-scaled.jpeg?w=1280 1280w, https:\/\/i0.wp.com\/www.canelaenfoco.com.br\/canela\/wp-content\/uploads\/2026\/07\/TCHE-GAROTOS-ALTA-37.jpg-scaled.jpeg?w=1920 1920w\" sizes=\"(max-width: 300px) 100vw, 300px\" \/><\/a><\/div>\n<\/div>\n<\/div>\n<\/div>\n<\/div>\n<\/div>\n<div id=\"m#msg-f:1872143858821672597-footer\" class=\"mail-message-footer spacer collapsible\"><\/div>\n<\/div>\n<div id=\"m#msg-a:r8164598859269941623\" class=\"mail-message expanded\">\n<div id=\"m#msg-a:r8164598859269941623-header\" class=\"mail-message-header spacer\"><a href=\"https:\/\/i0.wp.com\/www.canelaenfoco.com.br\/canela\/wp-content\/uploads\/2026\/07\/Foto-TB-Com-Fundo-2-1-scaled.png\"><img data-recalc-dims=\"1\" decoding=\"async\" data-attachment-id=\"13074\" data-permalink=\"http:\/\/www.canelaenfoco.com.br\/canela\/2026\/07\/30\/tche-garotos-tche-barbaridade-e-os-monarcas-sao-atracao-na-festa-colonial\/foto-tb-com-fundo-2-1\/\" data-orig-file=\"https:\/\/i0.wp.com\/www.canelaenfoco.com.br\/canela\/wp-content\/uploads\/2026\/07\/Foto-TB-Com-Fundo-2-1-scaled.png?fit=2560%2C1706\" data-orig-size=\"2560,1706\" data-comments-opened=\"1\" data-image-meta=\"{&quot;aperture&quot;:&quot;0&quot;,&quot;credit&quot;:&quot;&quot;,&quot;camera&quot;:&quot;&quot;,&quot;caption&quot;:&quot;&quot;,&quot;created_timestamp&quot;:&quot;0&quot;,&quot;copyright&quot;:&quot;&quot;,&quot;focal_length&quot;:&quot;0&quot;,&quot;iso&quot;:&quot;0&quot;,&quot;shutter_speed&quot;:&quot;0&quot;,&quot;title&quot;:&quot;&quot;,&quot;orientation&quot;:&quot;0&quot;,&quot;alt&quot;:&quot;&quot;}\" data-image-title=\"Foto TB Com Fundo 2 (1)\" data-image-description=\"\" data-image-caption=\"\" data-medium-file=\"https:\/\/i0.wp.com\/www.canelaenfoco.com.br\/canela\/wp-content\/uploads\/2026\/07\/Foto-TB-Com-Fundo-2-1-scaled.png?fit=300%2C200\" data-large-file=\"https:\/\/i0.wp.com\/www.canelaenfoco.com.br\/canela\/wp-content\/uploads\/2026\/07\/Foto-TB-Com-Fundo-2-1-scaled.png?fit=640%2C427\" class=\"alignnone size-medium wp-image-13074\" src=\"https:\/\/i0.wp.com\/www.canelaenfoco.com.br\/canela\/wp-content\/uploads\/2026\/07\/Foto-TB-Com-Fundo-2-1.png?resize=300%2C200\" alt=\"\" width=\"300\" height=\"200\" srcset=\"https:\/\/i0.wp.com\/www.canelaenfoco.com.br\/canela\/wp-content\/uploads\/2026\/07\/Foto-TB-Com-Fundo-2-1-scaled.png?resize=300%2C200 300w, https:\/\/i0.wp.com\/www.canelaenfoco.com.br\/canela\/wp-content\/uploads\/2026\/07\/Foto-TB-Com-Fundo-2-1-scaled.png?resize=1024%2C683 1024w, https:\/\/i0.wp.com\/www.canelaenfoco.com.br\/canela\/wp-content\/uploads\/2026\/07\/Foto-TB-Com-Fundo-2-1-scaled.png?resize=768%2C512 768w, https:\/\/i0.wp.com\/www.canelaenfoco.com.br\/canela\/wp-content\/uploads\/2026\/07\/Foto-TB-Com-Fundo-2-1-scaled.png?resize=1536%2C1024 1536w, https:\/\/i0.wp.com\/www.canelaenfoco.com.br\/canela\/wp-content\/uploads\/2026\/07\/Foto-TB-Com-Fundo-2-1-scaled.png?resize=2048%2C1365 2048w, https:\/\/i0.wp.com\/www.canelaenfoco.com.br\/canela\/wp-content\/uploads\/2026\/07\/Foto-TB-Com-Fundo-2-1-scaled.png?w=1280 1280w, https:\/\/i0.wp.com\/www.canelaenfoco.com.br\/canela\/wp-content\/uploads\/2026\/07\/Foto-TB-Com-Fundo-2-1-scaled.png?w=1920 1920w\" sizes=\"(max-width: 300px) 100vw, 300px\" \/><\/a><\/div>\n<div id=\"m#msg-a:r8164598859269941623-content\" class=\"mail-message-content collapsible zoom-normal mail-show-images \">\n<div class=\"clear\">\n<div class=\"mail-elided-text\" dir=\"auto\"><\/div>\n<\/div>\n<\/div>\n<div id=\"m#msg-a:r8164598859269941623-footer\" class=\"mail-message-footer spacer collapsible\"><a href=\"https:\/\/i0.wp.com\/www.canelaenfoco.com.br\/canela\/wp-content\/uploads\/2026\/07\/Foto-Os-Monarcas-2025-1-1.jpg-scaled.jpeg\"><img data-recalc-dims=\"1\" decoding=\"async\" data-attachment-id=\"13075\" data-permalink=\"http:\/\/www.canelaenfoco.com.br\/canela\/2026\/07\/30\/tche-garotos-tche-barbaridade-e-os-monarcas-sao-atracao-na-festa-colonial\/foto-os-monarcas-2025-1-1-jpg\/\" data-orig-file=\"https:\/\/i0.wp.com\/www.canelaenfoco.com.br\/canela\/wp-content\/uploads\/2026\/07\/Foto-Os-Monarcas-2025-1-1.jpg-scaled.jpeg?fit=2560%2C1707\" data-orig-size=\"2560,1707\" data-comments-opened=\"1\" data-image-meta=\"{&quot;aperture&quot;:&quot;0&quot;,&quot;credit&quot;:&quot;&quot;,&quot;camera&quot;:&quot;&quot;,&quot;caption&quot;:&quot;&quot;,&quot;created_timestamp&quot;:&quot;0&quot;,&quot;copyright&quot;:&quot;&quot;,&quot;focal_length&quot;:&quot;0&quot;,&quot;iso&quot;:&quot;0&quot;,&quot;shutter_speed&quot;:&quot;0&quot;,&quot;title&quot;:&quot;&quot;,&quot;orientation&quot;:&quot;0&quot;,&quot;alt&quot;:&quot;&quot;}\" data-image-title=\"Foto Os Monarcas 2025 (1) (1).jpg\" data-image-description=\"\" data-image-caption=\"\" data-medium-file=\"https:\/\/i0.wp.com\/www.canelaenfoco.com.br\/canela\/wp-content\/uploads\/2026\/07\/Foto-Os-Monarcas-2025-1-1.jpg-scaled.jpeg?fit=300%2C200\" data-large-file=\"https:\/\/i0.wp.com\/www.canelaenfoco.com.br\/canela\/wp-content\/uploads\/2026\/07\/Foto-Os-Monarcas-2025-1-1.jpg-scaled.jpeg?fit=640%2C427\" class=\"alignnone size-medium wp-image-13075\" src=\"https:\/\/i0.wp.com\/www.canelaenfoco.com.br\/canela\/wp-content\/uploads\/2026\/07\/Foto-Os-Monarcas-2025-1-1.jpg.jpeg?resize=300%2C200\" alt=\"\" width=\"300\" height=\"200\" srcset=\"https:\/\/i0.wp.com\/www.canelaenfoco.com.br\/canela\/wp-content\/uploads\/2026\/07\/Foto-Os-Monarcas-2025-1-1.jpg-scaled.jpeg?resize=300%2C200 300w, https:\/\/i0.wp.com\/www.canelaenfoco.com.br\/canela\/wp-content\/uploads\/2026\/07\/Foto-Os-Monarcas-2025-1-1.jpg-scaled.jpeg?resize=1024%2C683 1024w, https:\/\/i0.wp.com\/www.canelaenfoco.com.br\/canela\/wp-content\/uploads\/2026\/07\/Foto-Os-Monarcas-2025-1-1.jpg-scaled.jpeg?resize=768%2C512 768w, https:\/\/i0.wp.com\/www.canelaenfoco.com.br\/canela\/wp-content\/uploads\/2026\/07\/Foto-Os-Monarcas-2025-1-1.jpg-scaled.jpeg?resize=1536%2C1024 1536w, https:\/\/i0.wp.com\/www.canelaenfoco.com.br\/canela\/wp-content\/uploads\/2026\/07\/Foto-Os-Monarcas-2025-1-1.jpg-scaled.jpeg?resize=2048%2C1365 2048w, https:\/\/i0.wp.com\/www.canelaenfoco.com.br\/canela\/wp-content\/uploads\/2026\/07\/Foto-Os-Monarcas-2025-1-1.jpg-scaled.jpeg?w=1280 1280w, https:\/\/i0.wp.com\/www.canelaenfoco.com.br\/canela\/wp-content\/uploads\/2026\/07\/Foto-Os-Monarcas-2025-1-1.jpg-scaled.jpeg?w=1920 1920w\" sizes=\"(max-width: 300px) 100vw, 300px\" \/><\/a><\/div>\n<\/div>\n","protected":false},"excerpt":{"rendered":"<p>A 32\u00aa Festa Colonial de Canela entra em seu \u00faltimo fim de semana com uma programa\u00e7\u00e3o repleta de atra\u00e7\u00f5es para todos os p\u00fablicos. Al\u00e9m da gastronomia t\u00edpica e das apresenta\u00e7\u00f5es de grupos germ\u00e2nicos e italianos, o Multipalco recebe grandes nomes da m\u00fasica ga\u00facha e do humor regional, como Paulinho Mixaria, Tch\u00ea Garotos, Tch\u00ea Barbaridade e [&hellip;]<\/p>\n","protected":false},"author":2,"featured_media":13073,"comment_status":"open","ping_status":"open","sticky":false,"template":"","format":"standard","meta":{"jetpack_post_was_ever_published":false,"_jetpack_newsletter_access":"","_jetpack_dont_email_post_to_subs":false,"_jetpack_newsletter_tier_id":0,"_jetpack_memberships_contains_paywalled_content":false,"_jetpack_memberships_contains_paid_content":false,"footnotes":"","jetpack_publicize_message":"","jetpack_publicize_feature_enabled":true,"jetpack_social_post_already_shared":true,"jetpack_social_options":{"image_generator_settings":{"template":"highway","enabled":false},"version":2}},"categories":[878,63,69],"tags":[],"class_list":["post-13072","post","type-post","status-publish","format-standard","has-post-thumbnail","hentry","category-business","category-destaque","category-turismo"],"jetpack_publicize_connections":[],"jetpack_featured_media_url":"https:\/\/i0.wp.com\/www.canelaenfoco.com.br\/canela\/wp-content\/uploads\/2026\/07\/TCHE-GAROTOS-ALTA-37.jpg-scaled.jpeg?fit=2560%2C1752","blog_post_layout_featured_media_urls":{"thumbnail":["https:\/\/i0.wp.com\/www.canelaenfoco.com.br\/canela\/wp-content\/uploads\/2026\/07\/TCHE-GAROTOS-ALTA-37.jpg-scaled.jpeg?resize=150%2C150",150,150,true],"full":["https:\/\/i0.wp.com\/www.canelaenfoco.com.br\/canela\/wp-content\/uploads\/2026\/07\/TCHE-GAROTOS-ALTA-37.jpg-scaled.jpeg?fit=2560%2C1752",2560,1752,false]},"categories_names":{"878":{"name":"Business","link":"http:\/\/www.canelaenfoco.com.br\/canela\/category\/business\/"},"63":{"name":"DESTAQUE","link":"http:\/\/www.canelaenfoco.com.br\/canela\/category\/destaque\/"},"69":{"name":"TURISMO","link":"http:\/\/www.canelaenfoco.com.br\/canela\/category\/turismo\/"}},"tags_names":[],"comments_number":"0","wpmagazine_modules_lite_featured_media_urls":{"thumbnail":["https:\/\/i0.wp.com\/www.canelaenfoco.com.br\/canela\/wp-content\/uploads\/2026\/07\/TCHE-GAROTOS-ALTA-37.jpg-scaled.jpeg?resize=150%2C150",150,150,true],"cvmm-medium":["https:\/\/i0.wp.com\/www.canelaenfoco.com.br\/canela\/wp-content\/uploads\/2026\/07\/TCHE-GAROTOS-ALTA-37.jpg-scaled.jpeg?resize=300%2C300",300,300,true],"cvmm-medium-plus":["https:\/\/i0.wp.com\/www.canelaenfoco.com.br\/canela\/wp-content\/uploads\/2026\/07\/TCHE-GAROTOS-ALTA-37.jpg-scaled.jpeg?resize=305%2C207",305,207,true],"cvmm-portrait":["https:\/\/i0.wp.com\/www.canelaenfoco.com.br\/canela\/wp-content\/uploads\/2026\/07\/TCHE-GAROTOS-ALTA-37.jpg-scaled.jpeg?resize=400%2C600",400,600,true],"cvmm-medium-square":["https:\/\/i0.wp.com\/www.canelaenfoco.com.br\/canela\/wp-content\/uploads\/2026\/07\/TCHE-GAROTOS-ALTA-37.jpg-scaled.jpeg?resize=600%2C600",600,600,true],"cvmm-large":["https:\/\/i0.wp.com\/www.canelaenfoco.com.br\/canela\/wp-content\/uploads\/2026\/07\/TCHE-GAROTOS-ALTA-37.jpg-scaled.jpeg?resize=1024%2C1024",1024,1024,true],"cvmm-small":["https:\/\/i0.wp.com\/www.canelaenfoco.com.br\/canela\/wp-content\/uploads\/2026\/07\/TCHE-GAROTOS-ALTA-37.jpg-scaled.jpeg?resize=130%2C95",130,95,true],"full":["https:\/\/i0.wp.com\/www.canelaenfoco.com.br\/canela\/wp-content\/uploads\/2026\/07\/TCHE-GAROTOS-ALTA-37.jpg-scaled.jpeg?fit=2560%2C1752",2560,1752,false]},"jetpack_shortlink":"https:\/\/wp.me\/p77jMX-3oQ","jetpack-related-posts":[],"jetpack_sharing_enabled":true,"_links":{"self":[{"href":"http:\/\/www.canelaenfoco.com.br\/canela\/wp-json\/wp\/v2\/posts\/13072","targetHints":{"allow":["GET"]}}],"collection":[{"href":"http:\/\/www.canelaenfoco.com.br\/canela\/wp-json\/wp\/v2\/posts"}],"about":[{"href":"http:\/\/www.canelaenfoco.com.br\/canela\/wp-json\/wp\/v2\/types\/post"}],"author":[{"embeddable":true,"href":"http:\/\/www.canelaenfoco.com.br\/canela\/wp-json\/wp\/v2\/users\/2"}],"replies":[{"embeddable":true,"href":"http:\/\/www.canelaenfoco.com.br\/canela\/wp-json\/wp\/v2\/comments?post=13072"}],"version-history":[{"count":1,"href":"http:\/\/www.canelaenfoco.com.br\/canela\/wp-json\/wp\/v2\/posts\/13072\/revisions"}],"predecessor-version":[{"id":13076,"href":"http:\/\/www.canelaenfoco.com.br\/canela\/wp-json\/wp\/v2\/posts\/13072\/revisions\/13076"}],"wp:featuredmedia":[{"embeddable":true,"href":"http:\/\/www.canelaenfoco.com.br\/canela\/wp-json\/wp\/v2\/media\/13073"}],"wp:attachment":[{"href":"http:\/\/www.canelaenfoco.com.br\/canela\/wp-json\/wp\/v2\/media?parent=13072"}],"wp:term":[{"taxonomy":"category","embeddable":true,"href":"http:\/\/www.canelaenfoco.com.br\/canela\/wp-json\/wp\/v2\/categories?post=13072"},{"taxonomy":"post_tag","embeddable":true,"href":"http:\/\/www.canelaenfoco.com.br\/canela\/wp-json\/wp\/v2\/tags?post=13072"}],"curies":[{"name":"wp","href":"https:\/\/api.w.org\/{rel}","templated":true}]}}