{"id":13067,"date":"2026-07-24T10:03:49","date_gmt":"2026-07-24T13:03:49","guid":{"rendered":"https:\/\/www.canelaenfoco.com.br\/canela\/?p=13067"},"modified":"2026-07-27T01:09:28","modified_gmt":"2026-07-27T04:09:28","slug":"allegria-della-colonia-na-32a-festa-colonial-de-canela","status":"publish","type":"post","link":"http:\/\/www.canelaenfoco.com.br\/canela\/2026\/07\/24\/allegria-della-colonia-na-32a-festa-colonial-de-canela\/","title":{"rendered":"ALLEGRIA DELLA COLONIA NA 32\u00aa FESTA COLONIAL DE CANELA"},"content":{"rendered":"<blockquote>\n<p dir=\"ltr\"><strong><span style=\"font-size: large;\">Quadro Allegria della Colonia leva alegria e descontra\u00e7\u00e3o ao p\u00fablico da 32\u00aa Festa Colonial de Canela<\/span><\/strong><\/p>\n<\/blockquote>\n<p dir=\"ltr\">Os personagens Miguel e Paulina s\u00e3o os apresentadores do quadro Allegria della Colonia, uma das atra\u00e7\u00f5es da 32\u00aa Festa Colonial de Canela. A dupla atua como mestre de cerim\u00f4nias entre as apresenta\u00e7\u00f5es art\u00edsticas realizadas no Multipalco e, com bom humor, improviso e o tradicional &#8220;jeitinho da col\u00f4nia&#8221;, conduz as noites do evento, promovendo a intera\u00e7\u00e3o entre os artistas e o p\u00fablico.<\/p>\n<p dir=\"ltr\">O diretor de Eventos da Prefeitura de Canela, Joe Cardoso, explica que a atra\u00e7\u00e3o foi pensada pela Secretaria Municipal de Turismo e Cultura para fugir do formato tradicional de apresenta\u00e7\u00e3o dos espet\u00e1culos, aproximando ainda mais a plateia da programa\u00e7\u00e3o. \u201cMais do que assistir, o p\u00fablico tamb\u00e9m faz parte. O Alegria della Col\u00f4nia traz essa proposta de participa\u00e7\u00e3o, com brincadeiras, intera\u00e7\u00e3o e experi\u00eancias que tornam a visita \u00e0 Festa Colonial ainda mais especial\u201d, destaca.<\/p>\n<p dir=\"ltr\">Outro diferencial do quadro \u00e9 a integra\u00e7\u00e3o com as redes sociais, conforme detalha Carla Reis, que interpreta a personagem Paulina. Ela conta que os primos do interior querem ser os influencers da col\u00f4nia, e, para isso, criaram at\u00e9 um <a href=\"https:\/\/www.instagram.com\/influencersdacolonia\/\" target=\"_blank\" rel=\"noopener\" data-saferedirecturl=\"https:\/\/www.google.com\/url?q=https:\/\/www.instagram.com\/influencersdacolonia\/&amp;source=gmail&amp;ust=1785204392223000&amp;usg=AOvVaw2iY2I9xRcwCJKJ-jfpvsn4\">perfil no Instagram<\/a> para divulgar as apresenta\u00e7\u00f5es. &#8220;\u00c9 uma forma diferente de conduzir o evento e que tamb\u00e9m ajuda a divulgar a Festa Colonial nas redes sociais, pois as pessoas se divertem assistindo e acabam compartilhando com os amigos&#8221;, esclarece.<\/p>\n<p dir=\"ltr\">Na hist\u00f3ria, o ator Cristiano Silveira vive Miguel, primo de Paulina. Juntos, eles representam integrantes das fam\u00edlias retratadas no espet\u00e1culo Retrato, outra atra\u00e7\u00e3o da programa\u00e7\u00e3o da Festa Colonial. A pe\u00e7a mistura poesia, humor e mem\u00f3ria, prestando homenagem \u00e0s fam\u00edlias produtoras do interior de Canela, respons\u00e1veis por preservar as tradi\u00e7\u00f5es que deram origem ao evento.<\/p>\n<p>&nbsp;<\/p>\n<p dir=\"ltr\">Quando assistir ao quadro<\/p>\n<p dir=\"ltr\">O Allegria della Colonia pode ser conferido nas pr\u00f3ximas duas sextas-feiras e dois s\u00e1bados e no pen\u00faltimo domingo, at\u00e9 o dia 1\u00ba de agosto, sempre antes dos shows noturnos no Multipalco. A proposta \u00e9 proporcionar um &#8220;esquenta&#8221; ao p\u00fablico, preparando a plateia para a pr\u00f3xima atra\u00e7\u00e3o e incentivando a participa\u00e7\u00e3o por meio de brincadeiras e intera\u00e7\u00f5es no palco.<\/p>\n<p dir=\"ltr\"><strong>Confira as pr\u00f3ximas apresenta\u00e7\u00f5es<\/strong><\/p>\n<p dir=\"ltr\">24\/07 (sexta-feira) \u2013 19h30<\/p>\n<p dir=\"ltr\">25\/07 (s\u00e1bado) \u2013 17h30<\/p>\n<p dir=\"ltr\">26\/07 (domingo) \u2013 18h50<\/p>\n<p dir=\"ltr\">31\/07 (sexta-feira) \u2013 19h45<\/p>\n<p dir=\"ltr\">01\/08 (s\u00e1bado) \u2013 19h30<\/p>\n<p dir=\"ltr\">PATROCINADORES<\/p>\n<p dir=\"ltr\">A 32\u00aa Festa Colonial \u00e9 uma realiza\u00e7\u00e3o do Minist\u00e9rio da Cultura, da Secretaria de Estado da Cultura, da Prefeitura de Canela, por meio da Secretaria de Turismo e Cultura, e do Sindicato dos Trabalhadores Rurais de Canela. O evento conta com a Lei Rouanet e tamb\u00e9m com o financiamento do Pr\u00f3-Cultura RS do Governo do Estado do Rio Grande do Sul.<\/p>\n<p dir=\"ltr\">Tem patroc\u00ednio de: Havan, Farm\u00e1cias S\u00e3o Jo\u00e3o e Cervejaria Ambev Uniserra; apoio de Sicredi Pioneira, Sulg\u00e1s e Latic\u00ednios Lanzi; colabora\u00e7\u00e3o de Viking Cervejaria, Cervejaria Farol e Cresol; parceria da Casa do Panetone, Parque Bondinhos Canela e Churrascaria Garfo &amp; Bombacha. Apoio institucional da Fetag-RS, Emater\/RS-Ascar, Secretaria de Desenvolvimento Rural e Governo do Estado do Rio Grande do Sul; e agente cultural Art Urban Produ\u00e7\u00f5es.<\/p>\n<p dir=\"ltr\">A programa\u00e7\u00e3o completa da 32\u00aa Festa Colonial est\u00e1 dispon\u00edvel em: <a href=\"https:\/\/canela.com.br\/eventos\/festa-colonial\/\" target=\"_blank\" rel=\"noopener\" data-saferedirecturl=\"https:\/\/www.google.com\/url?q=https:\/\/canela.com.br\/eventos\/festa-colonial\/&amp;source=gmail&amp;ust=1785204392223000&amp;usg=AOvVaw1eF45apy-tgzXEnCtY45tL\">https:\/\/canela.com.br\/eventos\/<wbr \/>festa-colonial\/<\/a><\/p>\n","protected":false},"excerpt":{"rendered":"<p>Quadro Allegria della Colonia leva alegria e descontra\u00e7\u00e3o ao p\u00fablico da 32\u00aa Festa Colonial de Canela Os personagens Miguel e Paulina s\u00e3o os apresentadores do quadro Allegria della Colonia, uma das atra\u00e7\u00f5es da 32\u00aa Festa Colonial de Canela. A dupla atua como mestre de cerim\u00f4nias entre as apresenta\u00e7\u00f5es art\u00edsticas realizadas no Multipalco e, com bom [&hellip;]<\/p>\n","protected":false},"author":2,"featured_media":13069,"comment_status":"open","ping_status":"open","sticky":false,"template":"","format":"standard","meta":{"jetpack_post_was_ever_published":false,"_jetpack_newsletter_access":"","_jetpack_dont_email_post_to_subs":false,"_jetpack_newsletter_tier_id":0,"_jetpack_memberships_contains_paywalled_content":false,"_jetpack_memberships_contains_paid_content":false,"footnotes":"","jetpack_publicize_message":"","jetpack_publicize_feature_enabled":true,"jetpack_social_post_already_shared":true,"jetpack_social_options":{"image_generator_settings":{"template":"highway","enabled":false},"version":2}},"categories":[63,694,527,302],"tags":[],"class_list":["post-13067","post","type-post","status-publish","format-standard","has-post-thumbnail","hentry","category-destaque","category-eventos","category-geral","category-ultimas-noticias"],"jetpack_publicize_connections":[],"jetpack_featured_media_url":"https:\/\/i0.wp.com\/www.canelaenfoco.com.br\/canela\/wp-content\/uploads\/2026\/07\/Personagens-do-quadro-integram-tambem-o-elenco-do-espetaculo-Retrato-Julio-Dias.jpeg?fit=1600%2C1066","blog_post_layout_featured_media_urls":{"thumbnail":["https:\/\/i0.wp.com\/www.canelaenfoco.com.br\/canela\/wp-content\/uploads\/2026\/07\/Personagens-do-quadro-integram-tambem-o-elenco-do-espetaculo-Retrato-Julio-Dias.jpeg?resize=150%2C150",150,150,true],"full":["https:\/\/i0.wp.com\/www.canelaenfoco.com.br\/canela\/wp-content\/uploads\/2026\/07\/Personagens-do-quadro-integram-tambem-o-elenco-do-espetaculo-Retrato-Julio-Dias.jpeg?fit=1600%2C1066",1600,1066,false]},"categories_names":{"63":{"name":"DESTAQUE","link":"http:\/\/www.canelaenfoco.com.br\/canela\/category\/destaque\/"},"694":{"name":"EVENTOS","link":"http:\/\/www.canelaenfoco.com.br\/canela\/category\/eventos\/"},"527":{"name":"Geral","link":"http:\/\/www.canelaenfoco.com.br\/canela\/category\/geral\/"},"302":{"name":"\u00daLTIMAS NOTICIAS","link":"http:\/\/www.canelaenfoco.com.br\/canela\/category\/ultimas-noticias\/"}},"tags_names":[],"comments_number":"0","wpmagazine_modules_lite_featured_media_urls":{"thumbnail":["https:\/\/i0.wp.com\/www.canelaenfoco.com.br\/canela\/wp-content\/uploads\/2026\/07\/Personagens-do-quadro-integram-tambem-o-elenco-do-espetaculo-Retrato-Julio-Dias.jpeg?resize=150%2C150",150,150,true],"cvmm-medium":["https:\/\/i0.wp.com\/www.canelaenfoco.com.br\/canela\/wp-content\/uploads\/2026\/07\/Personagens-do-quadro-integram-tambem-o-elenco-do-espetaculo-Retrato-Julio-Dias.jpeg?resize=300%2C300",300,300,true],"cvmm-medium-plus":["https:\/\/i0.wp.com\/www.canelaenfoco.com.br\/canela\/wp-content\/uploads\/2026\/07\/Personagens-do-quadro-integram-tambem-o-elenco-do-espetaculo-Retrato-Julio-Dias.jpeg?resize=305%2C207",305,207,true],"cvmm-portrait":["https:\/\/i0.wp.com\/www.canelaenfoco.com.br\/canela\/wp-content\/uploads\/2026\/07\/Personagens-do-quadro-integram-tambem-o-elenco-do-espetaculo-Retrato-Julio-Dias.jpeg?resize=400%2C600",400,600,true],"cvmm-medium-square":["https:\/\/i0.wp.com\/www.canelaenfoco.com.br\/canela\/wp-content\/uploads\/2026\/07\/Personagens-do-quadro-integram-tambem-o-elenco-do-espetaculo-Retrato-Julio-Dias.jpeg?resize=600%2C600",600,600,true],"cvmm-large":["https:\/\/i0.wp.com\/www.canelaenfoco.com.br\/canela\/wp-content\/uploads\/2026\/07\/Personagens-do-quadro-integram-tambem-o-elenco-do-espetaculo-Retrato-Julio-Dias.jpeg?resize=1024%2C1024",1024,1024,true],"cvmm-small":["https:\/\/i0.wp.com\/www.canelaenfoco.com.br\/canela\/wp-content\/uploads\/2026\/07\/Personagens-do-quadro-integram-tambem-o-elenco-do-espetaculo-Retrato-Julio-Dias.jpeg?resize=130%2C95",130,95,true],"full":["https:\/\/i0.wp.com\/www.canelaenfoco.com.br\/canela\/wp-content\/uploads\/2026\/07\/Personagens-do-quadro-integram-tambem-o-elenco-do-espetaculo-Retrato-Julio-Dias.jpeg?fit=1600%2C1066",1600,1066,false]},"jetpack_shortlink":"https:\/\/wp.me\/p77jMX-3oL","jetpack-related-posts":[],"jetpack_sharing_enabled":true,"_links":{"self":[{"href":"http:\/\/www.canelaenfoco.com.br\/canela\/wp-json\/wp\/v2\/posts\/13067","targetHints":{"allow":["GET"]}}],"collection":[{"href":"http:\/\/www.canelaenfoco.com.br\/canela\/wp-json\/wp\/v2\/posts"}],"about":[{"href":"http:\/\/www.canelaenfoco.com.br\/canela\/wp-json\/wp\/v2\/types\/post"}],"author":[{"embeddable":true,"href":"http:\/\/www.canelaenfoco.com.br\/canela\/wp-json\/wp\/v2\/users\/2"}],"replies":[{"embeddable":true,"href":"http:\/\/www.canelaenfoco.com.br\/canela\/wp-json\/wp\/v2\/comments?post=13067"}],"version-history":[{"count":1,"href":"http:\/\/www.canelaenfoco.com.br\/canela\/wp-json\/wp\/v2\/posts\/13067\/revisions"}],"predecessor-version":[{"id":13068,"href":"http:\/\/www.canelaenfoco.com.br\/canela\/wp-json\/wp\/v2\/posts\/13067\/revisions\/13068"}],"wp:featuredmedia":[{"embeddable":true,"href":"http:\/\/www.canelaenfoco.com.br\/canela\/wp-json\/wp\/v2\/media\/13069"}],"wp:attachment":[{"href":"http:\/\/www.canelaenfoco.com.br\/canela\/wp-json\/wp\/v2\/media?parent=13067"}],"wp:term":[{"taxonomy":"category","embeddable":true,"href":"http:\/\/www.canelaenfoco.com.br\/canela\/wp-json\/wp\/v2\/categories?post=13067"},{"taxonomy":"post_tag","embeddable":true,"href":"http:\/\/www.canelaenfoco.com.br\/canela\/wp-json\/wp\/v2\/tags?post=13067"}],"curies":[{"name":"wp","href":"https:\/\/api.w.org\/{rel}","templated":true}]}}