{"id":13050,"date":"2026-07-23T14:19:00","date_gmt":"2026-07-23T17:19:00","guid":{"rendered":"https:\/\/www.canelaenfoco.com.br\/canela\/?p=13050"},"modified":"2026-07-27T00:23:04","modified_gmt":"2026-07-27T03:23:04","slug":"merece-premio-destinado-exclusivamente-a-entidades-privadas","status":"publish","type":"post","link":"http:\/\/www.canelaenfoco.com.br\/canela\/2026\/07\/23\/merece-premio-destinado-exclusivamente-a-entidades-privadas\/","title":{"rendered":"MERECE! PR\u00caMIO DESTINADO EXCLUSIVAMENTE A ENTIDADES PRIVADAS"},"content":{"rendered":"<p dir=\"ltr\">Pr\u00eamio Merece! conceder\u00e1 R$ 50 mil para 50 Organiza\u00e7\u00f5es da Sociedade Civil que atuam nas \u00e1reas de cultura, cidadania, desenvolvimento social e comunit\u00e1rio, educa\u00e7\u00e3o, esporte e lazer, meio ambiente e inclus\u00e3o digital. As inscri\u00e7\u00f5es podem ser feitas at\u00e9 o dia 21 de agosto.<\/p>\n<p dir=\"ltr\">Para baixar o press kit digital, clique <a href=\"https:\/\/drive.google.com\/drive\/folders\/1n0d_PS9_a0vEiop7Qp6yI8-utkPXLp37?usp=drive_link\" target=\"_blank\" rel=\"noopener\" data-saferedirecturl=\"https:\/\/www.google.com\/url?q=https:\/\/drive.google.com\/drive\/folders\/1n0d_PS9_a0vEiop7Qp6yI8-utkPXLp37?usp%3Ddrive_link&amp;source=gmail&amp;ust=1785204396611000&amp;usg=AOvVaw1-T4uiLEJ7HVS2BmSm-Zfq\">aqui<\/a><\/p>\n<p dir=\"ltr\">O Banrisul Cultural acaba de lan\u00e7ar um edital para reconhecer Organiza\u00e7\u00f5es da Sociedade Civil (OSCs) que geram impacto social positivo em comunidades de diferentes localidades ga\u00fachas. S\u00e3o 50 pr\u00eamios, de R$ 50 mil cada, para valorizar institui\u00e7\u00f5es que transformam o Estado e ampliam as oportunidades para a popula\u00e7\u00e3o local, atuando em \u00e1reas como cultura, cidadania, desenvolvimento social e comunit\u00e1rio, educa\u00e7\u00e3o, esporte e lazer, meio ambiente e inclus\u00e3o digital. As inscri\u00e7\u00f5es j\u00e1 est\u00e3o abertas e podem ser feitas at\u00e9 o dia 21 de agosto pelo site <a href=\"http:\/\/www.banrisulcultural.com.br\/projeto\/merece\" target=\"_blank\" rel=\"noopener\" data-saferedirecturl=\"https:\/\/www.google.com\/url?q=http:\/\/www.banrisulcultural.com.br\/projeto\/merece&amp;source=gmail&amp;ust=1785204396611000&amp;usg=AOvVaw0dHAaqH4EDj3pmd-2bPmtO\">www.banrisulcultural.com.br\/<wbr \/>projeto\/merece<\/a>.<\/p>\n<p dir=\"ltr\">Com investimento total de R$ 2,5 milh\u00f5es, o pr\u00eamio Merece! \u00e9 destinado exclusivamente a entidades privadas, sem fins lucrativos, que tenham pelo menos dois anos de atua\u00e7\u00e3o e sede no Rio Grande do Sul. Diferentemente de editais voltados ao financiamento de novos projetos, o Merece! \u00e9 uma premia\u00e7\u00e3o que reconhece iniciativas desenvolvidas para promover inclus\u00e3o social e redu\u00e7\u00e3o de desigualdades. O objetivo \u00e9 estimular a continuidade e a sustentabilidade das atividades j\u00e1 realizadas por essas institui\u00e7\u00f5es.<\/p>\n<p dir=\"ltr\">\u201cAs organiza\u00e7\u00f5es da sociedade civil conseguem chegar at\u00e9 pessoas e comunidades que o Estado muitas vezes n\u00e3o alcan\u00e7a, prestando um atendimento direto e efetivo. Acreditamos que o seu fortalecimento, integrado com a a\u00e7\u00e3o dos setores p\u00fablico e privado, \u00e9 fundamental para impulsionar a transforma\u00e7\u00e3o social\u201d, avalia a diretora-geral do Banrisul Cultural, Beatriz Araujo.<\/p>\n<p dir=\"ltr\">As institui\u00e7\u00f5es interessadas devem inscrever suas iniciativas apresentando informa\u00e7\u00f5es sobre trajet\u00f3ria, atividades desenvolvidas, p\u00fablico beneficiado, resultados alcan\u00e7ados e evid\u00eancias do impacto gerado. As inscri\u00e7\u00f5es ser\u00e3o analisadas em duas etapas: na primeira, com verifica\u00e7\u00e3o documental e, na segunda, com avalia\u00e7\u00e3o de m\u00e9rito por uma comiss\u00e3o especializada. A premia\u00e7\u00e3o ocorrer\u00e1 em novembro, reunindo os representantes das organiza\u00e7\u00f5es vencedoras em um evento com programa\u00e7\u00e3o especial voltada \u00e0 qualifica\u00e7\u00e3o das institui\u00e7\u00f5es e \u00e0 celebra\u00e7\u00e3o das iniciativas de impacto social.<\/p>\n<p dir=\"ltr\">Edital disponibiliza p\u00f4ster gratuito para download do p\u00fablico em geral<\/p>\n<p dir=\"ltr\">Um dos diferenciais dos editais do Banrisul Cultural \u00e9 a apresenta\u00e7\u00e3o gr\u00e1fica facilitada, concebida pelo Est\u00fadio Tereza Bettinardi. Cada material inclui um p\u00f4ster exclusivo, desenvolvido por um artista ga\u00facho e disponibilizado para download gratuito do p\u00fablico. Para o edital Merece!, a artista convidada pela curadoria \u00e9 Mitti Mendon\u00e7a, natural de S\u00e3o Leopoldo, que trabalha com t\u00e9cnicas de bordado, pintura e ilustra\u00e7\u00e3o digital. No arquivo do edital, \u00e9 poss\u00edvel conhecer parte de sua obra, que investiga as historiografias negras em di\u00e1spora, as mem\u00f3rias afetivas a partir dos \u00e1lbuns de fam\u00edlia e os movimentos sociais e pol\u00edticos negros.<\/p>\n<p dir=\"ltr\">Sobre o Banrisul Cultural<\/p>\n<p dir=\"ltr\">O Instituto Banrisul Cultural e Social \u00e9 uma institui\u00e7\u00e3o aut\u00f4noma, ligada ao Banrisul, criada para desenvolver projetos culturais e sociais com atua\u00e7\u00e3o cont\u00ednua e estruturada. Sua proposta se distingue das a\u00e7\u00f5es de patroc\u00ednio tradicionalmente realizadas pelo banco, voltadas ao apoio a iniciativas de terceiros. O instituto nasce para conceber e executar programas pr\u00f3prios, com foco em acesso \u00e0 cultura, valoriza\u00e7\u00e3o da mem\u00f3ria, inclus\u00e3o e gera\u00e7\u00e3o de impacto duradouro em diferentes regi\u00f5es do Rio Grande do Sul.<\/p>\n<p dir=\"ltr\">Al\u00e9m do Merece!, a institui\u00e7\u00e3o est\u00e1 com inscri\u00e7\u00f5es abertas para Mobilidade e Conex\u00f5es, edital de fluxo cont\u00ednuo que auxilia estudantes de ensino fundamental e m\u00e9dio e profissionais da cultura em viagens para eventos e atividades como olimp\u00edadas estudantis, festivais, mostras e feiras. Com investimento total de R$ 1,5 milh\u00e3o, o programa oferece bolsas de R$ 2,5 mil a R$ 20 mil que podem ser utilizadas para cobrir despesas como transporte, hospedagem, alimenta\u00e7\u00e3o e outros custos relacionados a deslocamentos. As informa\u00e7\u00f5es completas sobre todas as iniciativas do instituto est\u00e3o no site <a href=\"http:\/\/www.banrisulcultural.com.br\/\" target=\"_blank\" rel=\"noopener\" data-saferedirecturl=\"https:\/\/www.google.com\/url?q=http:\/\/www.banrisulcultural.com.br&amp;source=gmail&amp;ust=1785204396611000&amp;usg=AOvVaw09qLqkkoKDVGkoXuq43Con\">www.banrisulcultural.com.br<\/a>.<\/p>\n<p dir=\"ltr\">Servi\u00e7o<br \/>\nEdital Merece! | Pr\u00eamio Banrisul Cultural de Impacto Social<br \/>\nInscri\u00e7\u00f5es: de 21 de julho a 21 de agosto pelo site <a href=\"http:\/\/www.banrisulcultural.com.br\/projeto\/merece\" target=\"_blank\" rel=\"noopener\" data-saferedirecturl=\"https:\/\/www.google.com\/url?q=http:\/\/www.banrisulcultural.com.br\/projeto\/merece&amp;source=gmail&amp;ust=1785204396611000&amp;usg=AOvVaw0dHAaqH4EDj3pmd-2bPmtO\">www.banrisulcultural.com.br\/<wbr \/>projeto\/merece<\/p>\n<p><\/a>Podem participar exclusivamente organiza\u00e7\u00f5es que:<br \/>\nSejam entidades privadas sem fins lucrativos enquadradas como OSCs;<br \/>\nPossuam CNPJ ativo h\u00e1 pelo menos 2 anos na data da inscri\u00e7\u00e3o;<br \/>\nTenham sede no Rio Grande do Sul;<br \/>\nPossuam finalidade institucional relacionada \u00e0 cultura, cidadania, desenvolvimento social e comunit\u00e1rio, educa\u00e7\u00e3o, esporte e lazer, meio ambiente ou inclus\u00e3o digital.<\/p>\n<p>Premia\u00e7\u00e3o<br \/>\n50 pr\u00eamios de R$ 50 mil<\/p>\n<p dir=\"ltr\">D\u00favidas e solicita\u00e7\u00f5es de esclarecimentos: pelo e-mail <a href=\"mailto:social@banrisulcultura.com.br\" target=\"_blank\" rel=\"noopener\">social@banrisulcultural.com.br<\/a><\/p>\n<p dir=\"ltr\"><a href=\"https:\/\/i0.wp.com\/www.canelaenfoco.com.br\/canela\/wp-content\/uploads\/2026\/07\/image.jpeg\"><img data-recalc-dims=\"1\" fetchpriority=\"high\" decoding=\"async\" data-attachment-id=\"13053\" data-permalink=\"http:\/\/www.canelaenfoco.com.br\/canela\/2026\/07\/23\/merece-premio-destinado-exclusivamente-a-entidades-privadas\/image-14\/\" data-orig-file=\"https:\/\/i0.wp.com\/www.canelaenfoco.com.br\/canela\/wp-content\/uploads\/2026\/07\/image.jpeg?fit=724%2C1024\" data-orig-size=\"724,1024\" data-comments-opened=\"1\" data-image-meta=\"{&quot;aperture&quot;:&quot;0&quot;,&quot;credit&quot;:&quot;&quot;,&quot;camera&quot;:&quot;&quot;,&quot;caption&quot;:&quot;&quot;,&quot;created_timestamp&quot;:&quot;0&quot;,&quot;copyright&quot;:&quot;&quot;,&quot;focal_length&quot;:&quot;0&quot;,&quot;iso&quot;:&quot;0&quot;,&quot;shutter_speed&quot;:&quot;0&quot;,&quot;title&quot;:&quot;&quot;,&quot;orientation&quot;:&quot;0&quot;,&quot;alt&quot;:&quot;&quot;}\" data-image-title=\"image\" data-image-description=\"\" data-image-caption=\"\" data-medium-file=\"https:\/\/i0.wp.com\/www.canelaenfoco.com.br\/canela\/wp-content\/uploads\/2026\/07\/image.jpeg?fit=212%2C300\" data-large-file=\"https:\/\/i0.wp.com\/www.canelaenfoco.com.br\/canela\/wp-content\/uploads\/2026\/07\/image.jpeg?fit=640%2C905\" class=\"aligncenter wp-image-13053 size-full\" src=\"https:\/\/i0.wp.com\/www.canelaenfoco.com.br\/canela\/wp-content\/uploads\/2026\/07\/image.jpeg?resize=640%2C905\" alt=\"\" width=\"640\" height=\"905\" srcset=\"https:\/\/i0.wp.com\/www.canelaenfoco.com.br\/canela\/wp-content\/uploads\/2026\/07\/image.jpeg?w=724 724w, https:\/\/i0.wp.com\/www.canelaenfoco.com.br\/canela\/wp-content\/uploads\/2026\/07\/image.jpeg?resize=212%2C300 212w\" sizes=\"(max-width: 640px) 100vw, 640px\" \/><\/a><\/p>\n","protected":false},"excerpt":{"rendered":"<p>Pr\u00eamio Merece! conceder\u00e1 R$ 50 mil para 50 Organiza\u00e7\u00f5es da Sociedade Civil que atuam nas \u00e1reas de cultura, cidadania, desenvolvimento social e comunit\u00e1rio, educa\u00e7\u00e3o, esporte e lazer, meio ambiente e inclus\u00e3o digital. As inscri\u00e7\u00f5es podem ser feitas at\u00e9 o dia 21 de agosto. Para baixar o press kit digital, clique aqui O Banrisul Cultural acaba [&hellip;]<\/p>\n","protected":false},"author":2,"featured_media":13052,"comment_status":"open","ping_status":"open","sticky":false,"template":"","format":"standard","meta":{"jetpack_post_was_ever_published":false,"_jetpack_newsletter_access":"","_jetpack_dont_email_post_to_subs":false,"_jetpack_newsletter_tier_id":0,"_jetpack_memberships_contains_paywalled_content":false,"_jetpack_memberships_contains_paid_content":false,"footnotes":"","jetpack_publicize_message":"","jetpack_publicize_feature_enabled":true,"jetpack_social_post_already_shared":true,"jetpack_social_options":{"image_generator_settings":{"template":"highway","enabled":false},"version":2}},"categories":[62,63,527,302],"tags":[],"class_list":["post-13050","post","type-post","status-publish","format-standard","has-post-thumbnail","hentry","category-cultura","category-destaque","category-geral","category-ultimas-noticias"],"jetpack_publicize_connections":[],"jetpack_featured_media_url":"https:\/\/i0.wp.com\/www.canelaenfoco.com.br\/canela\/wp-content\/uploads\/2026\/07\/56843_IMP-22072026-Banrisul-Cultural-Premio-Merece.jpg?fit=1300%2C866","blog_post_layout_featured_media_urls":{"thumbnail":["https:\/\/i0.wp.com\/www.canelaenfoco.com.br\/canela\/wp-content\/uploads\/2026\/07\/56843_IMP-22072026-Banrisul-Cultural-Premio-Merece.jpg?resize=150%2C150",150,150,true],"full":["https:\/\/i0.wp.com\/www.canelaenfoco.com.br\/canela\/wp-content\/uploads\/2026\/07\/56843_IMP-22072026-Banrisul-Cultural-Premio-Merece.jpg?fit=1300%2C866",1300,866,false]},"categories_names":{"62":{"name":"CULTURA","link":"http:\/\/www.canelaenfoco.com.br\/canela\/category\/cultura\/"},"63":{"name":"DESTAQUE","link":"http:\/\/www.canelaenfoco.com.br\/canela\/category\/destaque\/"},"527":{"name":"Geral","link":"http:\/\/www.canelaenfoco.com.br\/canela\/category\/geral\/"},"302":{"name":"\u00daLTIMAS NOTICIAS","link":"http:\/\/www.canelaenfoco.com.br\/canela\/category\/ultimas-noticias\/"}},"tags_names":[],"comments_number":"0","wpmagazine_modules_lite_featured_media_urls":{"thumbnail":["https:\/\/i0.wp.com\/www.canelaenfoco.com.br\/canela\/wp-content\/uploads\/2026\/07\/56843_IMP-22072026-Banrisul-Cultural-Premio-Merece.jpg?resize=150%2C150",150,150,true],"cvmm-medium":["https:\/\/i0.wp.com\/www.canelaenfoco.com.br\/canela\/wp-content\/uploads\/2026\/07\/56843_IMP-22072026-Banrisul-Cultural-Premio-Merece.jpg?resize=300%2C300",300,300,true],"cvmm-medium-plus":["https:\/\/i0.wp.com\/www.canelaenfoco.com.br\/canela\/wp-content\/uploads\/2026\/07\/56843_IMP-22072026-Banrisul-Cultural-Premio-Merece.jpg?resize=305%2C207",305,207,true],"cvmm-portrait":["https:\/\/i0.wp.com\/www.canelaenfoco.com.br\/canela\/wp-content\/uploads\/2026\/07\/56843_IMP-22072026-Banrisul-Cultural-Premio-Merece.jpg?resize=400%2C600",400,600,true],"cvmm-medium-square":["https:\/\/i0.wp.com\/www.canelaenfoco.com.br\/canela\/wp-content\/uploads\/2026\/07\/56843_IMP-22072026-Banrisul-Cultural-Premio-Merece.jpg?resize=600%2C600",600,600,true],"cvmm-large":["https:\/\/i0.wp.com\/www.canelaenfoco.com.br\/canela\/wp-content\/uploads\/2026\/07\/56843_IMP-22072026-Banrisul-Cultural-Premio-Merece.jpg?resize=1024%2C866",1024,866,true],"cvmm-small":["https:\/\/i0.wp.com\/www.canelaenfoco.com.br\/canela\/wp-content\/uploads\/2026\/07\/56843_IMP-22072026-Banrisul-Cultural-Premio-Merece.jpg?resize=130%2C95",130,95,true],"full":["https:\/\/i0.wp.com\/www.canelaenfoco.com.br\/canela\/wp-content\/uploads\/2026\/07\/56843_IMP-22072026-Banrisul-Cultural-Premio-Merece.jpg?fit=1300%2C866",1300,866,false]},"jetpack_shortlink":"https:\/\/wp.me\/p77jMX-3ou","jetpack-related-posts":[],"jetpack_sharing_enabled":true,"_links":{"self":[{"href":"http:\/\/www.canelaenfoco.com.br\/canela\/wp-json\/wp\/v2\/posts\/13050","targetHints":{"allow":["GET"]}}],"collection":[{"href":"http:\/\/www.canelaenfoco.com.br\/canela\/wp-json\/wp\/v2\/posts"}],"about":[{"href":"http:\/\/www.canelaenfoco.com.br\/canela\/wp-json\/wp\/v2\/types\/post"}],"author":[{"embeddable":true,"href":"http:\/\/www.canelaenfoco.com.br\/canela\/wp-json\/wp\/v2\/users\/2"}],"replies":[{"embeddable":true,"href":"http:\/\/www.canelaenfoco.com.br\/canela\/wp-json\/wp\/v2\/comments?post=13050"}],"version-history":[{"count":1,"href":"http:\/\/www.canelaenfoco.com.br\/canela\/wp-json\/wp\/v2\/posts\/13050\/revisions"}],"predecessor-version":[{"id":13054,"href":"http:\/\/www.canelaenfoco.com.br\/canela\/wp-json\/wp\/v2\/posts\/13050\/revisions\/13054"}],"wp:featuredmedia":[{"embeddable":true,"href":"http:\/\/www.canelaenfoco.com.br\/canela\/wp-json\/wp\/v2\/media\/13052"}],"wp:attachment":[{"href":"http:\/\/www.canelaenfoco.com.br\/canela\/wp-json\/wp\/v2\/media?parent=13050"}],"wp:term":[{"taxonomy":"category","embeddable":true,"href":"http:\/\/www.canelaenfoco.com.br\/canela\/wp-json\/wp\/v2\/categories?post=13050"},{"taxonomy":"post_tag","embeddable":true,"href":"http:\/\/www.canelaenfoco.com.br\/canela\/wp-json\/wp\/v2\/tags?post=13050"}],"curies":[{"name":"wp","href":"https:\/\/api.w.org\/{rel}","templated":true}]}}