{"id":13044,"date":"2026-07-26T19:47:28","date_gmt":"2026-07-26T22:47:28","guid":{"rendered":"https:\/\/www.canelaenfoco.com.br\/canela\/?p=13044"},"modified":"2026-07-27T00:05:12","modified_gmt":"2026-07-27T03:05:12","slug":"cinco-motivos-para-trocar-o-shopping-pela-natureza","status":"publish","type":"post","link":"http:\/\/www.canelaenfoco.com.br\/canela\/2026\/07\/26\/cinco-motivos-para-trocar-o-shopping-pela-natureza\/","title":{"rendered":"CINCO MOTIVOS PARA TROCAR O SHOPPING PELA NATUREZA"},"content":{"rendered":"<blockquote><p><strong>F\u00c9RIAS DE JULHO: CINCO MOTIVOS PARA TROCAR O SHOPPING PELA NATUREZA<\/strong><\/p><\/blockquote>\n<p>Especialistas destacam que experi\u00eancias ao ar livre fortalecem os v\u00ednculos familiares, reduzem o tempo de exposi\u00e7\u00e3o \u00e0s telas e proporcionam benef\u00edcios para a sa\u00fade f\u00edsica e emocional de crian\u00e7as e adultos. Com acesso pela \u00e1rea urbana de Gramado e localizado no munic\u00edpio de Canela, o EcoParque Sperry re\u00fane trilhas, cachoeiras e Mata Atl\u00e2ntica preservada para quem deseja viver essas experi\u00eancias durante as f\u00e9rias.<\/p>\n<p>As f\u00e9rias escolares s\u00e3o uma oportunidade para desacelerar a rotina e aproveitar mais tempo em fam\u00edlia. Entre tantas op\u00e7\u00f5es de lazer, uma tend\u00eancia vem ganhando for\u00e7a: trocar ambientes fechados por experi\u00eancias ao ar livre. Caminhar por trilhas, ouvir o som das \u00e1guas, observar a fauna e a flora e simplesmente contemplar a natureza t\u00eam se tornado escolhas cada vez mais valorizadas por fam\u00edlias que buscam qualidade de vida e momentos de conex\u00e3o.<br \/>\nCom acesso pela Linha 28, em Gramado, o EcoParque Sperry oferece exatamente esse cen\u00e1rio.<br \/>\nEm meio a uma \u00e1rea preservada de Mata Atl\u00e2ntica, o visitante percorre trilhas cercadas por vegeta\u00e7\u00e3o nativa, contempla quatro cachoeiras e encontra espa\u00e7os que convidam \u00e0 contempla\u00e7\u00e3o, ao descanso e ao conv\u00edvio familiar.<br \/>\nMais do que um passeio, a experi\u00eancia proporciona um reencontro com a natureza, estimula a curiosidade das crian\u00e7as e cria lembran\u00e7as que dificilmente ser\u00e3o substitu\u00eddas por algumas horas diante de uma tela.<\/p>\n<p>O contato com a natureza desperta os sentidos, fortalece os v\u00ednculos familiares e cria momentos que permanecem na mem\u00f3ria. \u00c9 uma oportunidade de respirar, caminhar, conversar e redescobrir o prazer das experi\u00eancias simples, algo cada vez mais necess\u00e1rio na rotina atual&amp;quot;, destaca Leandro\u00a0 Sperry, diretor do EcoParque Sperry.<\/p>\n<figure id=\"attachment_13046\" aria-describedby=\"caption-attachment-13046\" style=\"width: 1300px\" class=\"wp-caption alignnone\"><a href=\"https:\/\/i0.wp.com\/www.canelaenfoco.com.br\/canela\/wp-content\/uploads\/2026\/07\/Gustavo-Meirolli-DSC_5664.jpg\"><img data-recalc-dims=\"1\" fetchpriority=\"high\" decoding=\"async\" data-attachment-id=\"13046\" data-permalink=\"http:\/\/www.canelaenfoco.com.br\/canela\/2026\/07\/26\/cinco-motivos-para-trocar-o-shopping-pela-natureza\/gustavo-meirolli-dsc_5664\/\" data-orig-file=\"https:\/\/i0.wp.com\/www.canelaenfoco.com.br\/canela\/wp-content\/uploads\/2026\/07\/Gustavo-Meirolli-DSC_5664.jpg?fit=1300%2C866\" data-orig-size=\"1300,866\" data-comments-opened=\"1\" data-image-meta=\"{&quot;aperture&quot;:&quot;20&quot;,&quot;credit&quot;:&quot;&quot;,&quot;camera&quot;:&quot;NIKON D7100&quot;,&quot;caption&quot;:&quot;&quot;,&quot;created_timestamp&quot;:&quot;1497697134&quot;,&quot;copyright&quot;:&quot;&quot;,&quot;focal_length&quot;:&quot;10&quot;,&quot;iso&quot;:&quot;100&quot;,&quot;shutter_speed&quot;:&quot;4&quot;,&quot;title&quot;:&quot;&quot;,&quot;orientation&quot;:&quot;1&quot;,&quot;alt&quot;:&quot;&quot;}\" data-image-title=\"Gustavo Meirolli DSC_5664\" data-image-description=\"\" data-image-caption=\"\" data-medium-file=\"https:\/\/i0.wp.com\/www.canelaenfoco.com.br\/canela\/wp-content\/uploads\/2026\/07\/Gustavo-Meirolli-DSC_5664.jpg?fit=300%2C200\" data-large-file=\"https:\/\/i0.wp.com\/www.canelaenfoco.com.br\/canela\/wp-content\/uploads\/2026\/07\/Gustavo-Meirolli-DSC_5664.jpg?fit=640%2C426\" class=\"wp-image-13046 size-full\" src=\"https:\/\/i0.wp.com\/www.canelaenfoco.com.br\/canela\/wp-content\/uploads\/2026\/07\/Gustavo-Meirolli-DSC_5664.jpg?resize=640%2C426\" alt=\"\" width=\"640\" height=\"426\" srcset=\"https:\/\/i0.wp.com\/www.canelaenfoco.com.br\/canela\/wp-content\/uploads\/2026\/07\/Gustavo-Meirolli-DSC_5664.jpg?w=1300 1300w, https:\/\/i0.wp.com\/www.canelaenfoco.com.br\/canela\/wp-content\/uploads\/2026\/07\/Gustavo-Meirolli-DSC_5664.jpg?resize=300%2C200 300w, https:\/\/i0.wp.com\/www.canelaenfoco.com.br\/canela\/wp-content\/uploads\/2026\/07\/Gustavo-Meirolli-DSC_5664.jpg?resize=1024%2C682 1024w, https:\/\/i0.wp.com\/www.canelaenfoco.com.br\/canela\/wp-content\/uploads\/2026\/07\/Gustavo-Meirolli-DSC_5664.jpg?resize=768%2C512 768w\" sizes=\"(max-width: 640px) 100vw, 640px\" \/><\/a><figcaption id=\"caption-attachment-13046\" class=\"wp-caption-text\">Foto: Gustavo Meirolli<\/figcaption><\/figure>\n<p>Cinco motivos para trocar o shopping pela natureza nas f\u00e9rias<br \/>\n1. Mais tempo em fam\u00edlia e menos tempo nas telas<\/p>\n<p>Em um ambiente natural, celulares deixam de ser protagonistas. A caminhada, as conversas e as<br \/>\ndescobertas ao longo da trilha estimulam uma conviv\u00eancia mais verdadeira entre pais, filhos, av\u00f3s e<br \/>\namigos.<\/p>\n<p>2. Contato com uma natureza preservada<br \/>\nA poucos minutos do centro de Gramado, o visitante encontra um dos importantes remanescentes<br \/>\nde Mata Atl\u00e2ntica da regi\u00e3o, com \u00e1rvores centen\u00e1rias, vegeta\u00e7\u00e3o nativa, fauna silvestre e quatro<br \/>\nbelas cachoeiras que fazem do passeio uma experi\u00eancia \u00fanica.<\/p>\n<p>3. Bem-estar para todas as idades<br \/>\nDiversos estudos mostram que atividades ao ar livre ajudam a reduzir o estresse, melhorar o humor<br \/>\ne estimular h\u00e1bitos saud\u00e1veis. Caminhar em meio \u00e0 natureza tamb\u00e9m favorece momentos de<br \/>\ncontempla\u00e7\u00e3o e equil\u00edbrio emocional.<\/p>\n<p>4. Experi\u00eancias que ficam na mem\u00f3ria<br \/>\nEm vez de apenas consumir produtos, as fam\u00edlias passam a colecionar hist\u00f3rias: a primeira trilha, a<br \/>\ndescoberta de uma ave, uma fotografia diante de uma cachoeira ou simplesmente o tempo<br \/>\ncompartilhado longe da correria.<\/p>\n<p>5. Conhecer outro lado da Serra Ga\u00facha<br \/>\nReconhecida nacionalmente pela gastronomia, arquitetura e atra\u00e7\u00f5es urbanas, a regi\u00e3o de Gramado<br \/>\ne Canela tamb\u00e9m abriga um patrim\u00f4nio natural de grande valor. O Eco Parque Sperry convida<br \/>\nmoradores e turistas a descobrirem essa riqueza, onde a grande protagonista \u00e9 a natureza.<\/p>\n<p><strong>Um convite para desacelerar<\/strong><br \/>\nEm um per\u00edodo marcado pela velocidade da informa\u00e7\u00e3o e pelo uso constante de dispositivos\u00a0 eletr\u00f4nicos, reservar algumas horas para caminhar em meio \u00e0 floresta representa muito mais do que lazer. \u00c9 uma oportunidade de fortalecer v\u00ednculos, estimular h\u00e1bitos saud\u00e1veis e proporcionar \u00e0s crian\u00e7as experi\u00eancias que contribuem para a forma\u00e7\u00e3o de uma rela\u00e7\u00e3o mais pr\u00f3xima com o meio ambiente.<\/p>\n<p>Durante as f\u00e9rias de julho, o EcoParque Sperry convida moradores da regi\u00e3o e turistas a viverem esse encontro com a natureza. Afinal, algumas das melhores lembran\u00e7as da inf\u00e2ncia n\u00e3o s\u00e3o compradas,\u00a0 elas s\u00e3o vividas.<\/p>\n<figure id=\"attachment_13045\" aria-describedby=\"caption-attachment-13045\" style=\"width: 1300px\" class=\"wp-caption aligncenter\"><a href=\"https:\/\/i0.wp.com\/www.canelaenfoco.com.br\/canela\/wp-content\/uploads\/2026\/07\/Leonid-Strtealiev-GRA_AGU0021.jpg\"><img data-recalc-dims=\"1\" decoding=\"async\" data-attachment-id=\"13045\" data-permalink=\"http:\/\/www.canelaenfoco.com.br\/canela\/2026\/07\/26\/cinco-motivos-para-trocar-o-shopping-pela-natureza\/leonid-strtealiev-gra_agu0021\/\" data-orig-file=\"https:\/\/i0.wp.com\/www.canelaenfoco.com.br\/canela\/wp-content\/uploads\/2026\/07\/Leonid-Strtealiev-GRA_AGU0021.jpg?fit=1300%2C848\" data-orig-size=\"1300,848\" data-comments-opened=\"1\" data-image-meta=\"{&quot;aperture&quot;:&quot;0&quot;,&quot;credit&quot;:&quot;&quot;,&quot;camera&quot;:&quot;&quot;,&quot;caption&quot;:&quot;&quot;,&quot;created_timestamp&quot;:&quot;0&quot;,&quot;copyright&quot;:&quot;&quot;,&quot;focal_length&quot;:&quot;0&quot;,&quot;iso&quot;:&quot;0&quot;,&quot;shutter_speed&quot;:&quot;0&quot;,&quot;title&quot;:&quot;&quot;,&quot;orientation&quot;:&quot;1&quot;,&quot;alt&quot;:&quot;&quot;}\" data-image-title=\"Leonid Strtealiev GRA_AGU0021\" data-image-description=\"\" data-image-caption=\"\" data-medium-file=\"https:\/\/i0.wp.com\/www.canelaenfoco.com.br\/canela\/wp-content\/uploads\/2026\/07\/Leonid-Strtealiev-GRA_AGU0021.jpg?fit=300%2C196\" data-large-file=\"https:\/\/i0.wp.com\/www.canelaenfoco.com.br\/canela\/wp-content\/uploads\/2026\/07\/Leonid-Strtealiev-GRA_AGU0021.jpg?fit=640%2C418\" class=\"wp-image-13045 size-full\" src=\"https:\/\/i0.wp.com\/www.canelaenfoco.com.br\/canela\/wp-content\/uploads\/2026\/07\/Leonid-Strtealiev-GRA_AGU0021.jpg?resize=640%2C417\" alt=\"\" width=\"640\" height=\"417\" srcset=\"https:\/\/i0.wp.com\/www.canelaenfoco.com.br\/canela\/wp-content\/uploads\/2026\/07\/Leonid-Strtealiev-GRA_AGU0021.jpg?w=1300 1300w, https:\/\/i0.wp.com\/www.canelaenfoco.com.br\/canela\/wp-content\/uploads\/2026\/07\/Leonid-Strtealiev-GRA_AGU0021.jpg?resize=300%2C196 300w, https:\/\/i0.wp.com\/www.canelaenfoco.com.br\/canela\/wp-content\/uploads\/2026\/07\/Leonid-Strtealiev-GRA_AGU0021.jpg?resize=1024%2C668 1024w, https:\/\/i0.wp.com\/www.canelaenfoco.com.br\/canela\/wp-content\/uploads\/2026\/07\/Leonid-Strtealiev-GRA_AGU0021.jpg?resize=768%2C501 768w\" sizes=\"(max-width: 640px) 100vw, 640px\" \/><\/a><figcaption id=\"caption-attachment-13045\" class=\"wp-caption-text\">Foto: Leonid Streliaev.<\/figcaption><\/figure>\n<p>Saiba mais:<br \/>\nFundado em agosto de 2009, o EcoParque Sperry nasceu da iniciativa da fam\u00edlia Sperry com o<br \/>\nprop\u00f3sito de preservar uma importante \u00e1rea de Mata Atl\u00e2ntica e promover o ecoturismo sustent\u00e1vel<br \/>\nna Serra Ga\u00facha. Localizado no Vale do Quilombo, com acesso pela Linha 28, em Gramado, o<br \/>\nparque ocupa cerca de 20 hectares de natureza preservada, reunindo trilhas, c\u00e2nions, riachos e<br \/>\nquatro cachoeiras. Ao longo dos anos, consolidou-se como um dos principais destinos de turismo<br \/>\nde natureza da regi\u00e3o, oferecendo experi\u00eancias de lazer, educa\u00e7\u00e3o ambiental e contempla\u00e7\u00e3o,<br \/>\nsempre guiado pelo conceito &amp;quot; Conhecer para preservar&amp;quot;.<\/p>\n<p>Servi\u00e7o:<br \/>\nEcoParque Sperry<br \/>\nLocaliza\u00e7\u00e3o: Linha 28 (Estrada Professora Elvira Benetti), n\u00ba 5.550, Vale do Quilombo, a cerca de<br \/>\noito minutos do centro de Gramado.<br \/>\nAtrativos: trilhas em meio \u00e0 Mata Atl\u00e2ntica preservada, quatro cachoeiras, paisagens naturais e<br \/>\nrestaurante.<br \/>\nFuncionamento: ter\u00e7a-feira a domingo, das 9h \u00e0s 17h.<br \/>\nIngressos: R$ 65,00 (adulto) e R$ 35,00 (crian\u00e7as de 6 a 12 anos). O estacionamento est\u00e1 inclu\u00eddo<br \/>\nno valor do ingresso.<\/p>\n<p>Foto Capa: Cleiton Thiele<\/p>\n","protected":false},"excerpt":{"rendered":"<p>F\u00c9RIAS DE JULHO: CINCO MOTIVOS PARA TROCAR O SHOPPING PELA NATUREZA Especialistas destacam que experi\u00eancias ao ar livre fortalecem os v\u00ednculos familiares, reduzem o tempo de exposi\u00e7\u00e3o \u00e0s telas e proporcionam benef\u00edcios para a sa\u00fade f\u00edsica e emocional de crian\u00e7as e adultos. Com acesso pela \u00e1rea urbana de Gramado e localizado no munic\u00edpio de Canela, [&hellip;]<\/p>\n","protected":false},"author":2,"featured_media":13047,"comment_status":"open","ping_status":"open","sticky":false,"template":"","format":"standard","meta":{"jetpack_post_was_ever_published":false,"_jetpack_newsletter_access":"","_jetpack_dont_email_post_to_subs":false,"_jetpack_newsletter_tier_id":0,"_jetpack_memberships_contains_paywalled_content":false,"_jetpack_memberships_contains_paid_content":false,"footnotes":"","jetpack_publicize_message":"","jetpack_publicize_feature_enabled":true,"jetpack_social_post_already_shared":true,"jetpack_social_options":{"image_generator_settings":{"template":"highway","enabled":false},"version":2}},"categories":[63,527,69,302],"tags":[],"class_list":["post-13044","post","type-post","status-publish","format-standard","has-post-thumbnail","hentry","category-destaque","category-geral","category-turismo","category-ultimas-noticias"],"jetpack_publicize_connections":[],"jetpack_featured_media_url":"https:\/\/i0.wp.com\/www.canelaenfoco.com.br\/canela\/wp-content\/uploads\/2026\/07\/Cleiton-Thiele_CLE4305.jpg?fit=1300%2C866","blog_post_layout_featured_media_urls":{"thumbnail":["https:\/\/i0.wp.com\/www.canelaenfoco.com.br\/canela\/wp-content\/uploads\/2026\/07\/Cleiton-Thiele_CLE4305.jpg?resize=150%2C150",150,150,true],"full":["https:\/\/i0.wp.com\/www.canelaenfoco.com.br\/canela\/wp-content\/uploads\/2026\/07\/Cleiton-Thiele_CLE4305.jpg?fit=1300%2C866",1300,866,false]},"categories_names":{"63":{"name":"DESTAQUE","link":"http:\/\/www.canelaenfoco.com.br\/canela\/category\/destaque\/"},"527":{"name":"Geral","link":"http:\/\/www.canelaenfoco.com.br\/canela\/category\/geral\/"},"69":{"name":"TURISMO","link":"http:\/\/www.canelaenfoco.com.br\/canela\/category\/turismo\/"},"302":{"name":"\u00daLTIMAS NOTICIAS","link":"http:\/\/www.canelaenfoco.com.br\/canela\/category\/ultimas-noticias\/"}},"tags_names":[],"comments_number":"0","wpmagazine_modules_lite_featured_media_urls":{"thumbnail":["https:\/\/i0.wp.com\/www.canelaenfoco.com.br\/canela\/wp-content\/uploads\/2026\/07\/Cleiton-Thiele_CLE4305.jpg?resize=150%2C150",150,150,true],"cvmm-medium":["https:\/\/i0.wp.com\/www.canelaenfoco.com.br\/canela\/wp-content\/uploads\/2026\/07\/Cleiton-Thiele_CLE4305.jpg?resize=300%2C300",300,300,true],"cvmm-medium-plus":["https:\/\/i0.wp.com\/www.canelaenfoco.com.br\/canela\/wp-content\/uploads\/2026\/07\/Cleiton-Thiele_CLE4305.jpg?resize=305%2C207",305,207,true],"cvmm-portrait":["https:\/\/i0.wp.com\/www.canelaenfoco.com.br\/canela\/wp-content\/uploads\/2026\/07\/Cleiton-Thiele_CLE4305.jpg?resize=400%2C600",400,600,true],"cvmm-medium-square":["https:\/\/i0.wp.com\/www.canelaenfoco.com.br\/canela\/wp-content\/uploads\/2026\/07\/Cleiton-Thiele_CLE4305.jpg?resize=600%2C600",600,600,true],"cvmm-large":["https:\/\/i0.wp.com\/www.canelaenfoco.com.br\/canela\/wp-content\/uploads\/2026\/07\/Cleiton-Thiele_CLE4305.jpg?resize=1024%2C866",1024,866,true],"cvmm-small":["https:\/\/i0.wp.com\/www.canelaenfoco.com.br\/canela\/wp-content\/uploads\/2026\/07\/Cleiton-Thiele_CLE4305.jpg?resize=130%2C95",130,95,true],"full":["https:\/\/i0.wp.com\/www.canelaenfoco.com.br\/canela\/wp-content\/uploads\/2026\/07\/Cleiton-Thiele_CLE4305.jpg?fit=1300%2C866",1300,866,false]},"jetpack_shortlink":"https:\/\/wp.me\/p77jMX-3oo","jetpack-related-posts":[],"jetpack_sharing_enabled":true,"_links":{"self":[{"href":"http:\/\/www.canelaenfoco.com.br\/canela\/wp-json\/wp\/v2\/posts\/13044","targetHints":{"allow":["GET"]}}],"collection":[{"href":"http:\/\/www.canelaenfoco.com.br\/canela\/wp-json\/wp\/v2\/posts"}],"about":[{"href":"http:\/\/www.canelaenfoco.com.br\/canela\/wp-json\/wp\/v2\/types\/post"}],"author":[{"embeddable":true,"href":"http:\/\/www.canelaenfoco.com.br\/canela\/wp-json\/wp\/v2\/users\/2"}],"replies":[{"embeddable":true,"href":"http:\/\/www.canelaenfoco.com.br\/canela\/wp-json\/wp\/v2\/comments?post=13044"}],"version-history":[{"count":2,"href":"http:\/\/www.canelaenfoco.com.br\/canela\/wp-json\/wp\/v2\/posts\/13044\/revisions"}],"predecessor-version":[{"id":13049,"href":"http:\/\/www.canelaenfoco.com.br\/canela\/wp-json\/wp\/v2\/posts\/13044\/revisions\/13049"}],"wp:featuredmedia":[{"embeddable":true,"href":"http:\/\/www.canelaenfoco.com.br\/canela\/wp-json\/wp\/v2\/media\/13047"}],"wp:attachment":[{"href":"http:\/\/www.canelaenfoco.com.br\/canela\/wp-json\/wp\/v2\/media?parent=13044"}],"wp:term":[{"taxonomy":"category","embeddable":true,"href":"http:\/\/www.canelaenfoco.com.br\/canela\/wp-json\/wp\/v2\/categories?post=13044"},{"taxonomy":"post_tag","embeddable":true,"href":"http:\/\/www.canelaenfoco.com.br\/canela\/wp-json\/wp\/v2\/tags?post=13044"}],"curies":[{"name":"wp","href":"https:\/\/api.w.org\/{rel}","templated":true}]}}