{"id":13040,"date":"2026-07-24T19:35:36","date_gmt":"2026-07-24T22:35:36","guid":{"rendered":"https:\/\/www.canelaenfoco.com.br\/canela\/?p=13040"},"modified":"2026-07-26T23:47:23","modified_gmt":"2026-07-27T02:47:23","slug":"programacao-nacional-de-escoteiros-na-serra-gaucha","status":"publish","type":"post","link":"http:\/\/www.canelaenfoco.com.br\/canela\/2026\/07\/24\/programacao-nacional-de-escoteiros-na-serra-gaucha\/","title":{"rendered":"PROGRAMA\u00c7\u00c3O NACIONAL DE ESCOTEIROS NA SERRA GAUCHA"},"content":{"rendered":"<p style=\"font-weight: 400;\"><strong>Parque do Caracol integrou programa\u00e7\u00e3o nacional dos Escoteiros do Brasil na Serra Ga\u00facha<\/strong><\/p>\n<blockquote>\n<p style=\"font-weight: 400;\"><strong><em>Jovens adultos de diferentes regi\u00f5es do pa\u00eds vivenciaram experi\u00eancia em meio \u00e0 natureza, com conex\u00e3o ao patrim\u00f4nio ambiental e \u00e0 biodiversidade no atrativo em Canela<\/em><\/strong><\/p>\n<\/blockquote>\n<p style=\"font-weight: 400;\">O Parque do Caracol, em Canela, integrou a programa\u00e7\u00e3o do \u201c2\u00ba Moot Nacional Pioneiro\u201d, realizado pelos Escoteiros do Brasil, e recebeu, na manh\u00e3 de segunda-feira, 20 de julho, participantes de diferentes regi\u00f5es do pa\u00eds para uma experi\u00eancia conectada \u00e0 natureza, ao patrim\u00f4nio ambiental e \u00e0 cidadania. Durante a programa\u00e7\u00e3o no atrativo, jovens adultos entre 18 e 22 anos vivenciaram atividades que valorizaram a preserva\u00e7\u00e3o da biodiversidade e do territ\u00f3rio natural da Serra Ga\u00facha. A visita foi viabilizada por meio do trabalho de relacionamento do Parque do Caracol com o grupo de Escoteiros Abaet\u00e9, de Canela, fortalecendo a parceria com institui\u00e7\u00f5es locais e ampliando a integra\u00e7\u00e3o com a comunidade.<\/p>\n<p style=\"font-weight: 400;\">Promovido pelos Escoteiros do Brasil, o \u201c2\u00ba Moot Nacional Pioneiro\u201d teve como tema \u201cExplorar o mundo, ampliar horizontes\u201d e reuniu participantes em atividades realizadas at\u00e9 o dia 23 de julho em diferentes cidades da Serra Ga\u00facha. A passagem pelo Parque do Caracol proporcionou uma imers\u00e3o em um dos principais patrim\u00f4nios naturais do Rio Grande do Sul, refor\u00e7ando a conex\u00e3o dos jovens com a biodiversidade da regi\u00e3o e sua conserva\u00e7\u00e3o.<\/p>\n<p style=\"font-weight: 400;\">\u201cO Parque do Caracol tem como prop\u00f3sito proporcionar momentos de conex\u00e3o com a natureza, educa\u00e7\u00e3o ambiental e valoriza\u00e7\u00e3o da biodiversidade como patrim\u00f4nio. A presen\u00e7a dos participantes do 2\u00ba Moot Nacional Pioneiro no atrativo esteve alinhada aos valores do escotismo, que incentivam o respeito a esse conjunto natural, a conviv\u00eancia coletiva e a forma\u00e7\u00e3o de cidad\u00e3os mais conscientes sobre a preserva\u00e7\u00e3o do planeta\u201d, destacou a gerente geral do Parque do Caracol, Sandra Ferraz.<\/p>\n<p style=\"font-weight: 400;\">Sandra evidencia que a programa\u00e7\u00e3o realizada no Parque do Caracol proporcionou aos participantes momentos de contempla\u00e7\u00e3o, aprendizado e aproxima\u00e7\u00e3o com um ambiente natural preservado, fortalecendo reflex\u00f5es sobre sustentabilidade, conserva\u00e7\u00e3o e desenvolvimento respons\u00e1vel.<\/p>\n<p style=\"font-weight: 400;\">\u201cEssas iniciativas, com jovens de diferentes regi\u00f5es do pa\u00eds, ampliam os olhares, aproximam realidades e estimulam uma consci\u00eancia coletiva para a compreens\u00e3o de que o meio ambiente \u00e9 um patrim\u00f4nio que pertence e necessita da responsabilidade de todos\u201d, evidenciou Sandra.<\/p>\n<p style=\"font-weight: 400;\"><strong>Sobre o Parque<\/strong><\/p>\n<p style=\"font-weight: 400;\">Administrado pelo Grupo Iter desde dezembro de 2022, o Parque do Caracol est\u00e1 localizado em uma \u00e1rea de mais de 250 mil m\u00b2 de natureza preservada e tem como um dos principais s\u00edmbolos a contempla\u00e7\u00e3o da Cascata do Caracol, um dos cart\u00f5es-postais mais conhecidos do Rio Grande do Sul.<\/p>\n<p style=\"font-weight: 400;\">Desde o in\u00edcio da concess\u00e3o, o Parque do Caracol teve ampliada suas opera\u00e7\u00f5es com experi\u00eancias de aventura, gastronomia, contempla\u00e7\u00e3o e contato direto com a natureza, fortalecendo a rela\u00e7\u00e3o dos visitantes com a paisagem, a biodiversidade e a hist\u00f3ria local.<\/p>\n<p style=\"font-weight: 400;\">O Grupo Iter tamb\u00e9m \u00e9 respons\u00e1vel pela gest\u00e3o do Parque Estadual do Tainhas, no Rio Grande do Sul, e pela excel\u00eancia operacional do Parque Bondinho P\u00e3o de A\u00e7\u00facar, no Rio de Janeiro, consolidando sua atua\u00e7\u00e3o na administra\u00e7\u00e3o de importantes patrim\u00f4nios naturais e tur\u00edsticos do Brasil.<\/p>\n<p style=\"font-weight: 400;\">\n","protected":false},"excerpt":{"rendered":"<p>Parque do Caracol integrou programa\u00e7\u00e3o nacional dos Escoteiros do Brasil na Serra Ga\u00facha Jovens adultos de diferentes regi\u00f5es do pa\u00eds vivenciaram experi\u00eancia em meio \u00e0 natureza, com conex\u00e3o ao patrim\u00f4nio ambiental e \u00e0 biodiversidade no atrativo em Canela O Parque do Caracol, em Canela, integrou a programa\u00e7\u00e3o do \u201c2\u00ba Moot Nacional Pioneiro\u201d, realizado pelos Escoteiros [&hellip;]<\/p>\n","protected":false},"author":2,"featured_media":13041,"comment_status":"open","ping_status":"open","sticky":false,"template":"","format":"standard","meta":{"jetpack_post_was_ever_published":false,"_jetpack_newsletter_access":"","_jetpack_dont_email_post_to_subs":false,"_jetpack_newsletter_tier_id":0,"_jetpack_memberships_contains_paywalled_content":false,"_jetpack_memberships_contains_paid_content":false,"footnotes":"","jetpack_publicize_message":"","jetpack_publicize_feature_enabled":true,"jetpack_social_post_already_shared":true,"jetpack_social_options":{"image_generator_settings":{"template":"highway","enabled":false},"version":2}},"categories":[63,527,69,302],"tags":[],"class_list":["post-13040","post","type-post","status-publish","format-standard","has-post-thumbnail","hentry","category-destaque","category-geral","category-turismo","category-ultimas-noticias"],"jetpack_publicize_connections":[],"jetpack_featured_media_url":"https:\/\/i0.wp.com\/www.canelaenfoco.com.br\/canela\/wp-content\/uploads\/2026\/07\/escoteiros.jpg?fit=1200%2C824","blog_post_layout_featured_media_urls":{"thumbnail":["https:\/\/i0.wp.com\/www.canelaenfoco.com.br\/canela\/wp-content\/uploads\/2026\/07\/escoteiros.jpg?resize=150%2C150",150,150,true],"full":["https:\/\/i0.wp.com\/www.canelaenfoco.com.br\/canela\/wp-content\/uploads\/2026\/07\/escoteiros.jpg?fit=1200%2C824",1200,824,false]},"categories_names":{"63":{"name":"DESTAQUE","link":"http:\/\/www.canelaenfoco.com.br\/canela\/category\/destaque\/"},"527":{"name":"Geral","link":"http:\/\/www.canelaenfoco.com.br\/canela\/category\/geral\/"},"69":{"name":"TURISMO","link":"http:\/\/www.canelaenfoco.com.br\/canela\/category\/turismo\/"},"302":{"name":"\u00daLTIMAS NOTICIAS","link":"http:\/\/www.canelaenfoco.com.br\/canela\/category\/ultimas-noticias\/"}},"tags_names":[],"comments_number":"0","wpmagazine_modules_lite_featured_media_urls":{"thumbnail":["https:\/\/i0.wp.com\/www.canelaenfoco.com.br\/canela\/wp-content\/uploads\/2026\/07\/escoteiros.jpg?resize=150%2C150",150,150,true],"cvmm-medium":["https:\/\/i0.wp.com\/www.canelaenfoco.com.br\/canela\/wp-content\/uploads\/2026\/07\/escoteiros.jpg?resize=300%2C300",300,300,true],"cvmm-medium-plus":["https:\/\/i0.wp.com\/www.canelaenfoco.com.br\/canela\/wp-content\/uploads\/2026\/07\/escoteiros.jpg?resize=305%2C207",305,207,true],"cvmm-portrait":["https:\/\/i0.wp.com\/www.canelaenfoco.com.br\/canela\/wp-content\/uploads\/2026\/07\/escoteiros.jpg?resize=400%2C600",400,600,true],"cvmm-medium-square":["https:\/\/i0.wp.com\/www.canelaenfoco.com.br\/canela\/wp-content\/uploads\/2026\/07\/escoteiros.jpg?resize=600%2C600",600,600,true],"cvmm-large":["https:\/\/i0.wp.com\/www.canelaenfoco.com.br\/canela\/wp-content\/uploads\/2026\/07\/escoteiros.jpg?resize=1024%2C824",1024,824,true],"cvmm-small":["https:\/\/i0.wp.com\/www.canelaenfoco.com.br\/canela\/wp-content\/uploads\/2026\/07\/escoteiros.jpg?resize=130%2C95",130,95,true],"full":["https:\/\/i0.wp.com\/www.canelaenfoco.com.br\/canela\/wp-content\/uploads\/2026\/07\/escoteiros.jpg?fit=1200%2C824",1200,824,false]},"jetpack_shortlink":"https:\/\/wp.me\/p77jMX-3ok","jetpack-related-posts":[],"jetpack_sharing_enabled":true,"_links":{"self":[{"href":"http:\/\/www.canelaenfoco.com.br\/canela\/wp-json\/wp\/v2\/posts\/13040","targetHints":{"allow":["GET"]}}],"collection":[{"href":"http:\/\/www.canelaenfoco.com.br\/canela\/wp-json\/wp\/v2\/posts"}],"about":[{"href":"http:\/\/www.canelaenfoco.com.br\/canela\/wp-json\/wp\/v2\/types\/post"}],"author":[{"embeddable":true,"href":"http:\/\/www.canelaenfoco.com.br\/canela\/wp-json\/wp\/v2\/users\/2"}],"replies":[{"embeddable":true,"href":"http:\/\/www.canelaenfoco.com.br\/canela\/wp-json\/wp\/v2\/comments?post=13040"}],"version-history":[{"count":2,"href":"http:\/\/www.canelaenfoco.com.br\/canela\/wp-json\/wp\/v2\/posts\/13040\/revisions"}],"predecessor-version":[{"id":13043,"href":"http:\/\/www.canelaenfoco.com.br\/canela\/wp-json\/wp\/v2\/posts\/13040\/revisions\/13043"}],"wp:featuredmedia":[{"embeddable":true,"href":"http:\/\/www.canelaenfoco.com.br\/canela\/wp-json\/wp\/v2\/media\/13041"}],"wp:attachment":[{"href":"http:\/\/www.canelaenfoco.com.br\/canela\/wp-json\/wp\/v2\/media?parent=13040"}],"wp:term":[{"taxonomy":"category","embeddable":true,"href":"http:\/\/www.canelaenfoco.com.br\/canela\/wp-json\/wp\/v2\/categories?post=13040"},{"taxonomy":"post_tag","embeddable":true,"href":"http:\/\/www.canelaenfoco.com.br\/canela\/wp-json\/wp\/v2\/tags?post=13040"}],"curies":[{"name":"wp","href":"https:\/\/api.w.org\/{rel}","templated":true}]}}