{"id":13036,"date":"2026-07-25T10:24:51","date_gmt":"2026-07-25T13:24:51","guid":{"rendered":"https:\/\/www.canelaenfoco.com.br\/canela\/?p=13036"},"modified":"2026-07-26T23:35:26","modified_gmt":"2026-07-27T02:35:26","slug":"obras-da-corsan-suspensas","status":"publish","type":"post","link":"http:\/\/www.canelaenfoco.com.br\/canela\/2026\/07\/25\/obras-da-corsan-suspensas\/","title":{"rendered":"OBRAS DA CORSAN SUSPENSAS"},"content":{"rendered":"<div style=\"text-align: left;\"><span style=\"font-size: large;\"><strong>Prefeitura de Canela suspende novas obras da Corsan em vias municipais<\/strong><br \/>\n<\/span><br \/>\nA Prefeitura de Canela suspendeu, por tempo indeterminado, a emiss\u00e3o de autoriza\u00e7\u00f5es para novas obras da Corsan nas vias municipais. A decis\u00e3o foi determinada pela Secretaria de Seguran\u00e7a P\u00fablica, Mobilidade e Fiscaliza\u00e7\u00e3o e mantida ap\u00f3s o indeferimento do pedido de reconsidera\u00e7\u00e3o apresentado pela concession\u00e1ria.A medida foi adotada ap\u00f3s fiscaliza\u00e7\u00f5es realizadas desde 2025 identificarem problemas na recomposi\u00e7\u00e3o do pavimento em diferentes pontos da cidade, como material solto, desn\u00edveis, cortes sem acabamento e valas que n\u00e3o foram corrigidas dentro dos prazos estabelecidos.<\/p>\n<p>Ap\u00f3s as primeiras notifica\u00e7\u00f5es, a Corsan apresentou um compromisso de regulariza\u00e7\u00e3o em at\u00e9 60 dias. O prazo terminou em setembro de 2025, mas parte das pend\u00eancias permaneceu sem solu\u00e7\u00e3o, de acordo com a Secretaria.<\/p>\n<p>Durante 2026, os departamentos de Tr\u00e2nsito e Fiscaliza\u00e7\u00e3o mantiveram as vistorias, notifica\u00e7\u00f5es e reuni\u00f5es com a concession\u00e1ria. Tamb\u00e9m foi criada uma comiss\u00e3o para acompanhar as demandas e buscar uma solu\u00e7\u00e3o conjunta.<\/p>\n<p>Diante da perman\u00eancia dos problemas, a suspens\u00e3o das novas autoriza\u00e7\u00f5es foi definida ap\u00f3s reuni\u00e3o com o prefeito Gilberto Cezar, o vice-prefeito Gilberto Tegner e o secret\u00e1rio de Seguran\u00e7a P\u00fablica, Mobilidade e Fiscaliza\u00e7\u00e3o, Adriel Buss.<\/p>\n<p>A Corsan ter\u00e1 dez dias para apresentar um plano de a\u00e7\u00e3o e um cronograma de execu\u00e7\u00e3o, assinados por engenheiro respons\u00e1vel. O documento dever\u00e1 contemplar todos os pontos identificados pelo Munic\u00edpio. As novas obras continuar\u00e3o suspensas at\u00e9 que as exig\u00eancias sejam atendidas.<\/p>\n<p>A decis\u00e3o n\u00e3o impede atendimentos emergenciais, mas essas interven\u00e7\u00f5es dever\u00e3o cumprir as normas de sinaliza\u00e7\u00e3o, seguran\u00e7a e tr\u00e2nsito. Obras realizadas sem autoriza\u00e7\u00e3o ou sem a sinaliza\u00e7\u00e3o necess\u00e1ria poder\u00e3o ser autuadas e paralisadas.<\/p>\n<p>Nesta sexta-feira, 24 de julho, uma equipe que prestava servi\u00e7os \u00e0 concession\u00e1ria foi identificada realizando um reparo emergencial sem a sinaliza\u00e7\u00e3o exigida. Os agentes municipais lavraram os autos de infra\u00e7\u00e3o correspondentes.<\/p>\n<p>O processo administrativo que fundamenta a suspens\u00e3o re\u00fane notifica\u00e7\u00f5es, registros fotogr\u00e1ficos, autos de constata\u00e7\u00e3o, atas de reuni\u00f5es e relat\u00f3rios de fiscaliza\u00e7\u00e3o produzidos ao longo de mais de um ano.<\/p>\n<p>A Prefeitura informa que seguir\u00e1 acompanhando as interven\u00e7\u00f5es da concession\u00e1ria e cobrando a recomposi\u00e7\u00e3o das vias, o cumprimento dos prazos e a seguran\u00e7a de motoristas e pedestres.<\/p>\n<\/div>\n<div><\/div>\n<div><\/div>\n<div>Fonte: Let\u00edcia Lima\/Prefeitura de Canela<\/div>\n","protected":false},"excerpt":{"rendered":"<p>Prefeitura de Canela suspende novas obras da Corsan em vias municipais A Prefeitura de Canela suspendeu, por tempo indeterminado, a emiss\u00e3o de autoriza\u00e7\u00f5es para novas obras da Corsan nas vias municipais. A decis\u00e3o foi determinada pela Secretaria de Seguran\u00e7a P\u00fablica, Mobilidade e Fiscaliza\u00e7\u00e3o e mantida ap\u00f3s o indeferimento do pedido de reconsidera\u00e7\u00e3o apresentado pela concession\u00e1ria.A [&hellip;]<\/p>\n","protected":false},"author":2,"featured_media":13037,"comment_status":"open","ping_status":"open","sticky":false,"template":"","format":"standard","meta":{"jetpack_post_was_ever_published":false,"_jetpack_newsletter_access":"","_jetpack_dont_email_post_to_subs":false,"_jetpack_newsletter_tier_id":0,"_jetpack_memberships_contains_paywalled_content":false,"_jetpack_memberships_contains_paid_content":false,"footnotes":"","jetpack_publicize_message":"","jetpack_publicize_feature_enabled":true,"jetpack_social_post_already_shared":true,"jetpack_social_options":{"image_generator_settings":{"template":"highway","enabled":false},"version":2}},"categories":[63,527,302],"tags":[],"class_list":["post-13036","post","type-post","status-publish","format-standard","has-post-thumbnail","hentry","category-destaque","category-geral","category-ultimas-noticias"],"jetpack_publicize_connections":[],"jetpack_featured_media_url":"https:\/\/i0.wp.com\/www.canelaenfoco.com.br\/canela\/wp-content\/uploads\/2026\/07\/Obras-Corsan.jpeg?fit=1108%2C750","blog_post_layout_featured_media_urls":{"thumbnail":["https:\/\/i0.wp.com\/www.canelaenfoco.com.br\/canela\/wp-content\/uploads\/2026\/07\/Obras-Corsan.jpeg?resize=150%2C150",150,150,true],"full":["https:\/\/i0.wp.com\/www.canelaenfoco.com.br\/canela\/wp-content\/uploads\/2026\/07\/Obras-Corsan.jpeg?fit=1108%2C750",1108,750,false]},"categories_names":{"63":{"name":"DESTAQUE","link":"http:\/\/www.canelaenfoco.com.br\/canela\/category\/destaque\/"},"527":{"name":"Geral","link":"http:\/\/www.canelaenfoco.com.br\/canela\/category\/geral\/"},"302":{"name":"\u00daLTIMAS NOTICIAS","link":"http:\/\/www.canelaenfoco.com.br\/canela\/category\/ultimas-noticias\/"}},"tags_names":[],"comments_number":"0","wpmagazine_modules_lite_featured_media_urls":{"thumbnail":["https:\/\/i0.wp.com\/www.canelaenfoco.com.br\/canela\/wp-content\/uploads\/2026\/07\/Obras-Corsan.jpeg?resize=150%2C150",150,150,true],"cvmm-medium":["https:\/\/i0.wp.com\/www.canelaenfoco.com.br\/canela\/wp-content\/uploads\/2026\/07\/Obras-Corsan.jpeg?resize=300%2C300",300,300,true],"cvmm-medium-plus":["https:\/\/i0.wp.com\/www.canelaenfoco.com.br\/canela\/wp-content\/uploads\/2026\/07\/Obras-Corsan.jpeg?resize=305%2C207",305,207,true],"cvmm-portrait":["https:\/\/i0.wp.com\/www.canelaenfoco.com.br\/canela\/wp-content\/uploads\/2026\/07\/Obras-Corsan.jpeg?resize=400%2C600",400,600,true],"cvmm-medium-square":["https:\/\/i0.wp.com\/www.canelaenfoco.com.br\/canela\/wp-content\/uploads\/2026\/07\/Obras-Corsan.jpeg?resize=600%2C600",600,600,true],"cvmm-large":["https:\/\/i0.wp.com\/www.canelaenfoco.com.br\/canela\/wp-content\/uploads\/2026\/07\/Obras-Corsan.jpeg?resize=1024%2C750",1024,750,true],"cvmm-small":["https:\/\/i0.wp.com\/www.canelaenfoco.com.br\/canela\/wp-content\/uploads\/2026\/07\/Obras-Corsan.jpeg?resize=130%2C95",130,95,true],"full":["https:\/\/i0.wp.com\/www.canelaenfoco.com.br\/canela\/wp-content\/uploads\/2026\/07\/Obras-Corsan.jpeg?fit=1108%2C750",1108,750,false]},"jetpack_shortlink":"https:\/\/wp.me\/p77jMX-3og","jetpack-related-posts":[],"jetpack_sharing_enabled":true,"_links":{"self":[{"href":"http:\/\/www.canelaenfoco.com.br\/canela\/wp-json\/wp\/v2\/posts\/13036","targetHints":{"allow":["GET"]}}],"collection":[{"href":"http:\/\/www.canelaenfoco.com.br\/canela\/wp-json\/wp\/v2\/posts"}],"about":[{"href":"http:\/\/www.canelaenfoco.com.br\/canela\/wp-json\/wp\/v2\/types\/post"}],"author":[{"embeddable":true,"href":"http:\/\/www.canelaenfoco.com.br\/canela\/wp-json\/wp\/v2\/users\/2"}],"replies":[{"embeddable":true,"href":"http:\/\/www.canelaenfoco.com.br\/canela\/wp-json\/wp\/v2\/comments?post=13036"}],"version-history":[{"count":2,"href":"http:\/\/www.canelaenfoco.com.br\/canela\/wp-json\/wp\/v2\/posts\/13036\/revisions"}],"predecessor-version":[{"id":13039,"href":"http:\/\/www.canelaenfoco.com.br\/canela\/wp-json\/wp\/v2\/posts\/13036\/revisions\/13039"}],"wp:featuredmedia":[{"embeddable":true,"href":"http:\/\/www.canelaenfoco.com.br\/canela\/wp-json\/wp\/v2\/media\/13037"}],"wp:attachment":[{"href":"http:\/\/www.canelaenfoco.com.br\/canela\/wp-json\/wp\/v2\/media?parent=13036"}],"wp:term":[{"taxonomy":"category","embeddable":true,"href":"http:\/\/www.canelaenfoco.com.br\/canela\/wp-json\/wp\/v2\/categories?post=13036"},{"taxonomy":"post_tag","embeddable":true,"href":"http:\/\/www.canelaenfoco.com.br\/canela\/wp-json\/wp\/v2\/tags?post=13036"}],"curies":[{"name":"wp","href":"https:\/\/api.w.org\/{rel}","templated":true}]}}