{"id":13032,"date":"2026-07-25T18:15:37","date_gmt":"2026-07-25T21:15:37","guid":{"rendered":"https:\/\/www.canelaenfoco.com.br\/canela\/?p=13032"},"modified":"2026-07-27T01:41:09","modified_gmt":"2026-07-27T04:41:09","slug":"concurso-em-canela-para-magisterio","status":"publish","type":"post","link":"http:\/\/www.canelaenfoco.com.br\/canela\/2026\/07\/25\/concurso-em-canela-para-magisterio\/","title":{"rendered":"CONCURSO EM CANELA PARA MAGIST\u00c9RIO"},"content":{"rendered":"<div><span style=\"font-size: large;\"><strong>\u00a0 \u00a0 \u00a0 \u00a0 Canela abre inscri\u00e7\u00f5es para Concurso P\u00fablico do Magist\u00e9rio<\/strong><br \/>\n<\/span><br \/>\nA Prefeitura de Canela, por meio da Secretaria Municipal de Educa\u00e7\u00e3o, Esporte e Lazer, torna p\u00fablico o Edital do Concurso P\u00fablico n\u00ba 01\/2026 para provimento de cargos efetivos e forma\u00e7\u00e3o de cadastro reserva destinados a profissionais do Magist\u00e9rio Municipal.As inscri\u00e7\u00f5es estar\u00e3o abertas exclusivamente pela internet, no per\u00edodo de 3 de agosto, a partir das 0h, at\u00e9 as 23h59 do dia 21 de agosto de 2026, observado o hor\u00e1rio oficial de Bras\u00edlia. Os interessados dever\u00e3o realizar a inscri\u00e7\u00e3o pelo site<a href=\"http:\/\/www.hcassessoriaadm.com.br.\/\" target=\"_blank\" rel=\"noopener\" data-saferedirecturl=\"https:\/\/www.google.com\/url?q=http:\/\/www.hcassessoriaadm.com.br.&amp;source=gmail&amp;ust=1785204386036000&amp;usg=AOvVaw2FU3sI2AfmEVesXU8nyL6b\">\u00a0www.hcassessoriaadm.com.br.<\/a>\u00a0A data limite para o pagamento da taxa de inscri\u00e7\u00e3o \u00e9 24 de agosto de 2026.O valor da inscri\u00e7\u00e3o \u00e9 de R$ 100,00 para os cargos de Maestro e Monitor e de R$ 150,00 para os cargos do quadro do Magist\u00e9rio Municipal.<\/p>\n<p>A Prova Te\u00f3rica Objetiva est\u00e1 prevista para o dia 13 de setembro de 2026. Os hor\u00e1rios, locais de aplica\u00e7\u00e3o e demais orienta\u00e7\u00f5es ser\u00e3o divulgados posteriormente por meio de edital de convoca\u00e7\u00e3o. Conforme o cargo, o concurso poder\u00e1 compreender Prova Te\u00f3rica Objetiva, Avalia\u00e7\u00e3o de T\u00edtulos e Prova Pr\u00e1tica ou Espec\u00edfica.<\/p>\n<p>O certame ser\u00e1 executado pela empresa HC Assessoria Administrativa Ltda. O edital completo, contendo os requisitos, n\u00famero de vagas, remunera\u00e7\u00e3o, carga hor\u00e1ria, atribui\u00e7\u00f5es, conte\u00fado program\u00e1tico, cronograma e demais informa\u00e7\u00f5es, est\u00e1 dispon\u00edvel nos sites\u00a0<a href=\"http:\/\/www.hcassessoriaadm.com.br\/\" target=\"_blank\" rel=\"noopener\" data-saferedirecturl=\"https:\/\/www.google.com\/url?q=http:\/\/www.hcassessoriaadm.com.br&amp;source=gmail&amp;ust=1785204386036000&amp;usg=AOvVaw2UejXUbaH7ASDNetkPD1SV\">www.hcassessoriaadm.com.br<\/a>\u00a0e\u00a0<a href=\"http:\/\/www.canela.rs.gov.br\/\" target=\"_blank\" rel=\"noopener\" data-saferedirecturl=\"https:\/\/www.google.com\/url?q=http:\/\/www.canela.rs.gov.br&amp;source=gmail&amp;ust=1785204386036000&amp;usg=AOvVaw3pY_S-2frgXJ-LGCnUW_vg\">www.canela.rs.gov.br<\/a>, na \u00e1rea de Publica\u00e7\u00f5es Oficiais.<\/p>\n<p>O Concurso P\u00fablico ter\u00e1 validade de dois anos, contados a partir da homologa\u00e7\u00e3o do resultado final, podendo ser prorrogado uma \u00fanica vez, por igual per\u00edodo, a crit\u00e9rio do Munic\u00edpio de Canela.<\/p>\n<\/div>\n<div>\n<p><a href=\"https:\/\/i0.wp.com\/www.canelaenfoco.com.br\/canela\/wp-content\/uploads\/2026\/07\/MAGISTERIO.webp\"><img data-recalc-dims=\"1\" fetchpriority=\"high\" decoding=\"async\" data-attachment-id=\"13034\" data-permalink=\"http:\/\/www.canelaenfoco.com.br\/canela\/2026\/07\/25\/concurso-em-canela-para-magisterio\/magisterio\/\" data-orig-file=\"https:\/\/i0.wp.com\/www.canelaenfoco.com.br\/canela\/wp-content\/uploads\/2026\/07\/MAGISTERIO.webp?fit=1024%2C580\" data-orig-size=\"1024,580\" data-comments-opened=\"1\" data-image-meta=\"{&quot;aperture&quot;:&quot;0&quot;,&quot;credit&quot;:&quot;&quot;,&quot;camera&quot;:&quot;&quot;,&quot;caption&quot;:&quot;&quot;,&quot;created_timestamp&quot;:&quot;0&quot;,&quot;copyright&quot;:&quot;&quot;,&quot;focal_length&quot;:&quot;0&quot;,&quot;iso&quot;:&quot;0&quot;,&quot;shutter_speed&quot;:&quot;0&quot;,&quot;title&quot;:&quot;&quot;,&quot;orientation&quot;:&quot;0&quot;,&quot;alt&quot;:&quot;&quot;}\" data-image-title=\"MAGIST\u00c9RIO\" data-image-description=\"\" data-image-caption=\"\" data-medium-file=\"https:\/\/i0.wp.com\/www.canelaenfoco.com.br\/canela\/wp-content\/uploads\/2026\/07\/MAGISTERIO.webp?fit=300%2C170\" data-large-file=\"https:\/\/i0.wp.com\/www.canelaenfoco.com.br\/canela\/wp-content\/uploads\/2026\/07\/MAGISTERIO.webp?fit=640%2C363\" class=\"aligncenter wp-image-13034 size-full\" src=\"https:\/\/i0.wp.com\/www.canelaenfoco.com.br\/canela\/wp-content\/uploads\/2026\/07\/MAGISTERIO.webp?resize=640%2C363\" alt=\"\" width=\"640\" height=\"363\" srcset=\"https:\/\/i0.wp.com\/www.canelaenfoco.com.br\/canela\/wp-content\/uploads\/2026\/07\/MAGISTERIO.webp?w=1024 1024w, https:\/\/i0.wp.com\/www.canelaenfoco.com.br\/canela\/wp-content\/uploads\/2026\/07\/MAGISTERIO.webp?resize=300%2C170 300w, https:\/\/i0.wp.com\/www.canelaenfoco.com.br\/canela\/wp-content\/uploads\/2026\/07\/MAGISTERIO.webp?resize=768%2C435 768w\" sizes=\"(max-width: 640px) 100vw, 640px\" \/><\/a><\/p>\n<p><b>Vagas<\/b><\/p>\n<p>O concurso oferece vagas e cadastro reserva para os seguintes cargos:<\/p>\n<p>Maestro \u2013 1 vaga + cadastro reserva (CR);<br \/>\nMonitor \u2013 34 vagas + CR;<br \/>\nProfissional do Magist\u00e9rio \u2013 Auxiliar Int\u00e9rprete Educacional \u2013 1 vaga + CR;<br \/>\nProfissional do Magist\u00e9rio \u2013 Artes \u2013 1 vaga + CR;<br \/>\nProfissional do Magist\u00e9rio \u2013 Ci\u00eancias Naturais \u2013 4 vagas + CR;<br \/>\nProfissional do Magist\u00e9rio \u2013 Educa\u00e7\u00e3o Especial \u2013 1 vaga + CR;<br \/>\nProfissional do Magist\u00e9rio \u2013 Educa\u00e7\u00e3o F\u00edsica \u2013 4 vagas + CR;<br \/>\nProfissional do Magist\u00e9rio \u2013 Educa\u00e7\u00e3o Infantil \u2013 13 vagas + CR;<br \/>\nProfissional do Magist\u00e9rio \u2013 Geografia \u2013 4 vagas + CR;<br \/>\nProfissional do Magist\u00e9rio \u2013 Hist\u00f3ria \u2013 4 vagas + CR;<br \/>\nProfissional do Magist\u00e9rio \u2013 L\u00edngua Estrangeira Moderna (Ingl\u00eas) \u2013 Cadastro Reserva;<br \/>\nProfissional do Magist\u00e9rio \u2013 L\u00edngua Portuguesa \u2013 9 vagas + CR;<br \/>\nProfissional do Magist\u00e9rio \u2013 Matem\u00e1tica \u2013 10 vagas + CR;<br \/>\nProfissional do Magist\u00e9rio \u2013 S\u00e9ries Iniciais \u2013 39 vagas + CR;<br \/>\nProfissional do Magist\u00e9rio \u2013 T\u00e9cnica Pedag\u00f3gica \u2013 Orientador \u2013 9 vagas + CR;<br \/>\nProfissional do Magist\u00e9rio \u2013 T\u00e9cnica Pedag\u00f3gica \u2013 Supervisor \u2013 5 vagas + CR;<br \/>\nProfissional do Magist\u00e9rio \u2013 Instrutor de Libras \u2013 1 vaga + CR.<\/p>\n<\/div>\n<div><\/div>\n<div><\/div>\n<div>Fonte: Vanessa Oz\u00f3rio\/Prefeitura de Canela<\/div>\n<div>Foto: Divulga\u00e7\u00e3o<\/div>\n","protected":false},"excerpt":{"rendered":"<p>\u00a0 \u00a0 \u00a0 \u00a0 Canela abre inscri\u00e7\u00f5es para Concurso P\u00fablico do Magist\u00e9rio A Prefeitura de Canela, por meio da Secretaria Municipal de Educa\u00e7\u00e3o, Esporte e Lazer, torna p\u00fablico o Edital do Concurso P\u00fablico n\u00ba 01\/2026 para provimento de cargos efetivos e forma\u00e7\u00e3o de cadastro reserva destinados a profissionais do Magist\u00e9rio Municipal.As inscri\u00e7\u00f5es estar\u00e3o abertas exclusivamente [&hellip;]<\/p>\n","protected":false},"author":2,"featured_media":13033,"comment_status":"open","ping_status":"open","sticky":false,"template":"","format":"standard","meta":{"jetpack_post_was_ever_published":false,"_jetpack_newsletter_access":"","_jetpack_dont_email_post_to_subs":false,"_jetpack_newsletter_tier_id":0,"_jetpack_memberships_contains_paywalled_content":false,"_jetpack_memberships_contains_paid_content":false,"footnotes":"","jetpack_publicize_message":"","jetpack_publicize_feature_enabled":true,"jetpack_social_post_already_shared":true,"jetpack_social_options":{"image_generator_settings":{"template":"highway","enabled":false},"version":2}},"categories":[63,304,527,68,302],"tags":[],"class_list":["post-13032","post","type-post","status-publish","format-standard","has-post-thumbnail","hentry","category-destaque","category-educacao","category-geral","category-politica","category-ultimas-noticias"],"jetpack_publicize_connections":[],"jetpack_featured_media_url":"https:\/\/i0.wp.com\/www.canelaenfoco.com.br\/canela\/wp-content\/uploads\/2026\/07\/magisterio-1024x683-1.jpeg?fit=1024%2C683","blog_post_layout_featured_media_urls":{"thumbnail":["https:\/\/i0.wp.com\/www.canelaenfoco.com.br\/canela\/wp-content\/uploads\/2026\/07\/magisterio-1024x683-1.jpeg?resize=150%2C150",150,150,true],"full":["https:\/\/i0.wp.com\/www.canelaenfoco.com.br\/canela\/wp-content\/uploads\/2026\/07\/magisterio-1024x683-1.jpeg?fit=1024%2C683",1024,683,false]},"categories_names":{"63":{"name":"DESTAQUE","link":"http:\/\/www.canelaenfoco.com.br\/canela\/category\/destaque\/"},"304":{"name":"EDUCA\u00c7\u00c3O","link":"http:\/\/www.canelaenfoco.com.br\/canela\/category\/educacao\/"},"527":{"name":"Geral","link":"http:\/\/www.canelaenfoco.com.br\/canela\/category\/geral\/"},"68":{"name":"POL\u00cdTICA","link":"http:\/\/www.canelaenfoco.com.br\/canela\/category\/politica\/"},"302":{"name":"\u00daLTIMAS NOTICIAS","link":"http:\/\/www.canelaenfoco.com.br\/canela\/category\/ultimas-noticias\/"}},"tags_names":[],"comments_number":"0","wpmagazine_modules_lite_featured_media_urls":{"thumbnail":["https:\/\/i0.wp.com\/www.canelaenfoco.com.br\/canela\/wp-content\/uploads\/2026\/07\/magisterio-1024x683-1.jpeg?resize=150%2C150",150,150,true],"cvmm-medium":["https:\/\/i0.wp.com\/www.canelaenfoco.com.br\/canela\/wp-content\/uploads\/2026\/07\/magisterio-1024x683-1.jpeg?resize=300%2C300",300,300,true],"cvmm-medium-plus":["https:\/\/i0.wp.com\/www.canelaenfoco.com.br\/canela\/wp-content\/uploads\/2026\/07\/magisterio-1024x683-1.jpeg?resize=305%2C207",305,207,true],"cvmm-portrait":["https:\/\/i0.wp.com\/www.canelaenfoco.com.br\/canela\/wp-content\/uploads\/2026\/07\/magisterio-1024x683-1.jpeg?resize=400%2C600",400,600,true],"cvmm-medium-square":["https:\/\/i0.wp.com\/www.canelaenfoco.com.br\/canela\/wp-content\/uploads\/2026\/07\/magisterio-1024x683-1.jpeg?resize=600%2C600",600,600,true],"cvmm-large":["https:\/\/i0.wp.com\/www.canelaenfoco.com.br\/canela\/wp-content\/uploads\/2026\/07\/magisterio-1024x683-1.jpeg?resize=1024%2C683",1024,683,true],"cvmm-small":["https:\/\/i0.wp.com\/www.canelaenfoco.com.br\/canela\/wp-content\/uploads\/2026\/07\/magisterio-1024x683-1.jpeg?resize=130%2C95",130,95,true],"full":["https:\/\/i0.wp.com\/www.canelaenfoco.com.br\/canela\/wp-content\/uploads\/2026\/07\/magisterio-1024x683-1.jpeg?fit=1024%2C683",1024,683,false]},"jetpack_shortlink":"https:\/\/wp.me\/p77jMX-3oc","jetpack-related-posts":[],"jetpack_sharing_enabled":true,"_links":{"self":[{"href":"http:\/\/www.canelaenfoco.com.br\/canela\/wp-json\/wp\/v2\/posts\/13032","targetHints":{"allow":["GET"]}}],"collection":[{"href":"http:\/\/www.canelaenfoco.com.br\/canela\/wp-json\/wp\/v2\/posts"}],"about":[{"href":"http:\/\/www.canelaenfoco.com.br\/canela\/wp-json\/wp\/v2\/types\/post"}],"author":[{"embeddable":true,"href":"http:\/\/www.canelaenfoco.com.br\/canela\/wp-json\/wp\/v2\/users\/2"}],"replies":[{"embeddable":true,"href":"http:\/\/www.canelaenfoco.com.br\/canela\/wp-json\/wp\/v2\/comments?post=13032"}],"version-history":[{"count":3,"href":"http:\/\/www.canelaenfoco.com.br\/canela\/wp-json\/wp\/v2\/posts\/13032\/revisions"}],"predecessor-version":[{"id":13071,"href":"http:\/\/www.canelaenfoco.com.br\/canela\/wp-json\/wp\/v2\/posts\/13032\/revisions\/13071"}],"wp:featuredmedia":[{"embeddable":true,"href":"http:\/\/www.canelaenfoco.com.br\/canela\/wp-json\/wp\/v2\/media\/13033"}],"wp:attachment":[{"href":"http:\/\/www.canelaenfoco.com.br\/canela\/wp-json\/wp\/v2\/media?parent=13032"}],"wp:term":[{"taxonomy":"category","embeddable":true,"href":"http:\/\/www.canelaenfoco.com.br\/canela\/wp-json\/wp\/v2\/categories?post=13032"},{"taxonomy":"post_tag","embeddable":true,"href":"http:\/\/www.canelaenfoco.com.br\/canela\/wp-json\/wp\/v2\/tags?post=13032"}],"curies":[{"name":"wp","href":"https:\/\/api.w.org\/{rel}","templated":true}]}}